{"id":570,"date":"2025-04-23T10:05:23","date_gmt":"2025-04-23T10:05:23","guid":{"rendered":"https:\/\/devu02.testdevlink.net\/Urban_Customs\/?p=570"},"modified":"2025-10-26T22:19:40","modified_gmt":"2025-10-26T22:19:40","slug":"comment-la-perception-du-temps-faconne-nos-valeurs-et-notre-rapport-a-l-avenir","status":"publish","type":"post","link":"https:\/\/devu02.testdevlink.net\/Urban_Customs\/2025\/04\/23\/comment-la-perception-du-temps-faconne-nos-valeurs-et-notre-rapport-a-l-avenir\/","title":{"rendered":"Comment la perception du temps fa\u00e7onne nos valeurs et notre rapport \u00e0 l\u2019avenir"},"content":{"rendered":"<div style=\"margin: 20px 0; font-family: Arial, sans-serif; font-size: 1.1em; line-height: 1.6; color: #34495e;\">\n<p style=\"margin-bottom: 15px;\">La perception du temps ne se limite pas \u00e0 une simple mesure chronologique. Elle constitue un prisme \u00e0 travers lequel se fa\u00e7onnent nos valeurs, nos comportements et notre vision de l\u2019avenir. En France, cette conception particuli\u00e8re du temps est profond\u00e9ment ancr\u00e9e dans l\u2019histoire, la philosophie et la culture, influen\u00e7ant nos choix aussi bien personnels que collectifs. Pour mieux comprendre cette relation complexe, il est essentiel d\u2019explorer comment la perception du temps intervient dans la formation de nos valeurs et dans notre mani\u00e8re d\u2019appr\u00e9hender l\u2019avenir.<\/p>\n<h2 style=\"font-family: Georgia, serif; font-size: 2em; color: #2c3e50; margin-top: 40px;\">Table des mati\u00e8res<\/h2>\n<ul style=\"list-style-type: disc; padding-left: 20px; margin-top: 10px;\">\n<li><a href=\"#section1\" style=\"color: #2980b9; text-decoration: none;\">Comprendre la perception du temps dans la culture fran\u00e7aise<\/a><\/li>\n<li><a href=\"#section2\" style=\"color: #2980b9; text-decoration: none;\">La relation entre perception du temps et valeurs sociales en France<\/a><\/li>\n<li><a href=\"#section3\" style=\"color: #2980b9; text-decoration: none;\">La perception du temps et la vision de l\u2019avenir en contexte fran\u00e7ais<\/a><\/li>\n<li><a href=\"#section4\" style=\"color: #2980b9; text-decoration: none;\">La perception du temps dans le rapport \u00e0 la jeunesse et \u00e0 l\u2019\u00e2ge m\u00fbr<\/a><\/li>\n<li><a href=\"#section5\" style=\"color: #2980b9; text-decoration: none;\">La perception du temps face aux enjeux contemporains en France<\/a><\/li>\n<li><a href=\"#section6\" style=\"color: #2980b9; text-decoration: none;\">La perception du temps et le rapport \u00e0 l\u2019avenir professionnel et personnel<\/a><\/li>\n<li><a href=\"#section7\" style=\"color: #2980b9; text-decoration: none;\">La perception du temps comme facteur de transformation des valeurs fran\u00e7aises<\/a><\/li>\n<li><a href=\"#section8\" style=\"color: #2980b9; text-decoration: none;\">Conclusion : comment la perception du temps fa\u00e7onne nos valeurs et notre rapport \u00e0 l\u2019avenir<\/a><\/li>\n<\/ul>\n<h2 id=\"section1\" style=\"font-family: Georgia, serif; font-size: 2em; color: #2c3e50; margin-top: 40px;\">Comprendre la perception du temps dans la culture fran\u00e7aise<\/h2>\n<h3 style=\"font-family: Georgia, serif; font-size: 1.8em; color: #34495e; margin-top: 20px;\">a. Les influences historiques et philosophiques sur la conception du temps en France<\/h3>\n<p style=\"margin-bottom: 15px;\">L\u2019histoire de France, riche en \u00e9v\u00e9nements majeurs tels que la R\u00e9volution fran\u00e7aise, a fa\u00e7onn\u00e9 une perception du temps orient\u00e9e vers la m\u00e9moire collective et la tradition. La philosophie fran\u00e7aise, notamment \u00e0 travers Descartes ou Bergson, a aussi influenc\u00e9 la conception du temps comme une dimension fluide, subjective et li\u00e9e \u00e0 l\u2019exp\u00e9rience individuelle. Ces influences ont instaur\u00e9 une vision du temps o\u00f9 pass\u00e9, pr\u00e9sent et avenir jouent un r\u00f4le compl\u00e9mentaire dans la construction identitaire du peuple fran\u00e7ais.<\/p>\n<h3 style=\"font-family: Georgia, serif; font-size: 1.8em; color: #34495e; margin-top: 20px;\">b. La perception du temps comme reflet des valeurs fran\u00e7aises<\/h3>\n<p style=\"margin-bottom: 15px;\">En France, la ponctualit\u00e9 est souvent per\u00e7ue comme une marque de respect et de s\u00e9rieux, illustrant une culture o\u00f9 le temps est pr\u00e9cieux. Par ailleurs, l\u2019appr\u00e9ciation du moment pr\u00e9sent, notamment dans la philosophie de l\u2019\u00e9picurisme ou la litt\u00e9rature, souligne une tendance \u00e0 valoriser la qualit\u00e9 de l\u2019instant. Cette approche contraste avec d\u2019autres cultures qui privil\u00e9gient la rapidit\u00e9 ou l\u2019efficacit\u00e9 \u00e0 tout prix, renfor\u00e7ant ainsi une image de la soci\u00e9t\u00e9 fran\u00e7aise attach\u00e9e \u00e0 la r\u00e9flexion et \u00e0 la mod\u00e9ration dans la gestion du temps.<\/p>\n<h2 id=\"section2\" style=\"font-family: Georgia, serif; font-size: 2em; color: #2c3e50; margin-top: 40px;\">La relation entre perception du temps et valeurs sociales en France<\/h2>\n<h3 style=\"font-family: Georgia, serif; font-size: 1.8em; color: #34495e; margin-top: 20px;\">a. La place accord\u00e9e \u00e0 la tradition et \u00e0 la m\u00e9moire collective<\/h3>\n<p style=\"margin-bottom: 15px;\">Les Fran\u00e7ais accordent une importance particuli\u00e8re \u00e0 leur patrimoine culturel, historique et familial. La m\u00e9moire collective fa\u00e7onne leur rapport au temps, privil\u00e9giant la transmission des valeurs et des savoirs. Les f\u00eates, les monuments et les r\u00e9cits historiques jouent un r\u00f4le central dans cette perception, renfor\u00e7ant le sentiment d\u2019appartenance et de continuit\u00e9 dans le temps.<\/p>\n<h3 style=\"font-family: Georgia, serif; font-size: 1.8em; color: #34495e; margin-top: 20px;\">b. L\u2019impact de la perception du temps sur l\u2019importance donn\u00e9e \u00e0 la famille, aux relations et \u00e0 la stabilit\u00e9<\/h3>\n<p style=\"margin-bottom: 15px;\">En France, la stabilit\u00e9 familiale et la qualit\u00e9 des relations sociales sont souvent per\u00e7ues comme essentielles pour une vie \u00e9quilibr\u00e9e. La perception du temps qui valorise la patience, la pr\u00e9servation des liens et le respect des traditions influence la mani\u00e8re dont les individus priorisent leur famille et leurs relations, favorisant une approche \u00e0 long terme plut\u00f4t que l\u2019imm\u00e9diatet\u00e9.<\/p>\n<h2 id=\"section3\" style=\"font-family: Georgia, serif; font-size: 2em; color: #2c3e50; margin-top: 40px;\">La perception du temps et la vision de l\u2019avenir en contexte fran\u00e7ais<\/h2>\n<h3 style=\"font-family: Georgia, serif; font-size: 1.8em; color: #34495e; margin-top: 20px;\">a. La conception fran\u00e7aise de l\u2019avenir : entre prudence et optimisme<\/h3>\n<p style=\"margin-bottom: 15px;\">Les Fran\u00e7ais adoptent une attitude prudente face \u00e0 l\u2019avenir, souvent marqu\u00e9e par une certaine m\u00e9fiance vis-\u00e0-vis des promesses irr\u00e9alistes. Toutefois, cette prudence coexiste avec un optimisme mod\u00e9r\u00e9, bas\u00e9 sur la confiance dans la capacit\u00e9 collective \u00e0 pr\u00e9server un avenir stable et durable. Cette dualit\u00e9 influence leur fa\u00e7on de planifier, d\u2019\u00e9pargner et d\u2019investir, privil\u00e9giant la s\u00e9curit\u00e9 et la p\u00e9rennit\u00e9.<\/p>\n<h3 style=\"font-family: Georgia, serif; font-size: 1.8em; color: #34495e; margin-top: 20px;\">b. La mani\u00e8re dont cette perception influence l\u2019\u00e9pargne, l\u2019investissement et la planification \u00e0 long terme<\/h3>\n<p style=\"margin-bottom: 15px;\">Les Fran\u00e7ais sont g\u00e9n\u00e9ralement conservateurs en mati\u00e8re d\u2019\u00e9pargne, pr\u00e9f\u00e9rant la s\u00e9curit\u00e9 \u00e0 la prise de risques excessive. La perception du temps comme un facteur \u00e0 respecter et \u00e0 pr\u00e9server incite \u00e0 une planification prudente, notamment en mati\u00e8re de retraite, d\u2019immobilier ou d\u2019investissements durables. Cette approche refl\u00e8te une confiance dans la stabilit\u00e9 et une volont\u00e9 de transmettre aux g\u00e9n\u00e9rations futures un patrimoine solide.<\/p>\n<h2 id=\"section4\" style=\"font-family: Georgia, serif; font-size: 2em; color: #2c3e50; margin-top: 40px;\">La perception du temps dans le rapport \u00e0 la jeunesse et \u00e0 l\u2019\u00e2ge m\u00fbr<\/h2>\n<h3 style=\"font-family: Georgia, serif; font-size: 1.8em; color: #34495e; margin-top: 20px;\">a. La valorisation de la jeunesse et la gestion du vieillissement dans la soci\u00e9t\u00e9 fran\u00e7aise<\/h3>\n<p style=\"margin-bottom: 15px;\">En France, la jeunesse est souvent per\u00e7ue comme une p\u00e9riode privil\u00e9gi\u00e9e, associ\u00e9e \u00e0 la vitalit\u00e9, \u00e0 l\u2019innovation et \u00e0 l\u2019id\u00e9al de renouvellement. Cependant, la soci\u00e9t\u00e9 valorise \u00e9galement le respect des a\u00een\u00e9s et la transmission de leur exp\u00e9rience. La gestion du vieillissement s\u2019inscrit dans une logique de continuit\u00e9, o\u00f9 chaque \u00e9tape de la vie a sa place et sa valeur, renfor\u00e7ant une vision \u00e9quilibr\u00e9e du rapport au temps.<\/p>\n<h3 style=\"font-family: Georgia, serif; font-size: 1.8em; color: #34495e; margin-top: 20px;\">b. La perception du temps comme moteur de transmission et d\u2019h\u00e9ritage culturel<\/h3>\n<p style=\"margin-bottom: 15px;\">Le temps joue un r\u00f4le cl\u00e9 dans la transmission des h\u00e9ritages culturel, familial et social. La transmission interg\u00e9n\u00e9rationnelle est per\u00e7ue comme une responsabilit\u00e9 essentielle, assurant la p\u00e9rennit\u00e9 des valeurs et traditions fran\u00e7aises. La jeunesse, tout en \u00e9tant valoris\u00e9e, est aussi vue comme porteuse de renouveau, capable d\u2019enrichir le patrimoine commun par ses initiatives et ses id\u00e9es.<\/p>\n<h2 id=\"section5\" style=\"font-family: Georgia, serif; font-size: 2em; color: #2c3e50; margin-top: 40px;\">La perception du temps face aux enjeux contemporains en France<\/h2>\n<h3 style=\"font-family: Georgia, serif; font-size: 1.8em; color: #34495e; margin-top: 20px;\">a. La gestion du changement social et technologique : acc\u00e9l\u00e9ration ou retenue ?<\/h3>\n<p style=\"margin-bottom: 15px;\">Face \u00e0 la rapidit\u00e9 des avanc\u00e9es technologiques et aux mutations sociales, la soci\u00e9t\u00e9 fran\u00e7aise privil\u00e9gie souvent une approche de retenue, privil\u00e9giant la r\u00e9flexion et l\u2019\u00e9valuation avant l\u2019adoption de nouvelles pratiques. Cette attitude refl\u00e8te une perception du temps qui valorise la prudence, afin de pr\u00e9server la coh\u00e9sion sociale et les valeurs fondamentales face aux bouleversements mondiaux.<\/p>\n<h3 style=\"font-family: Georgia, serif; font-size: 1.8em; color: #34495e; margin-top: 20px;\">b. La perception du temps dans le contexte \u00e9cologique et de durabilit\u00e9<\/h3>\n<p style=\"margin-bottom: 15px;\">L\u2019urgence \u00e9cologique incite \u00e0 une r\u00e9\u00e9valuation de la gestion du temps, en insistant sur la n\u00e9cessit\u00e9 de pr\u00e9server les ressources pour les g\u00e9n\u00e9rations futures. La perception du temps comme un capital \u00e0 long terme encourage des actions durables et responsables, inscrivant l\u2019engagement \u00e9cologique dans une vision \u00e9quilibr\u00e9e du pr\u00e9sent et de l\u2019avenir.<\/p>\n<h2 id=\"section6\" style=\"font-family: Georgia, serif; font-size: 2em; color: #2c3e50; margin-top: 40px;\">La perception du temps et le rapport \u00e0 l\u2019avenir professionnel et personnel<\/h2>\n<h3 style=\"font-family: Georgia, serif; font-size: 1.8em; color: #34495e; margin-top: 20px;\">a. La conception du succ\u00e8s et de la r\u00e9ussite \u00e0 long terme<\/h3>\n<p style=\"margin-bottom: 15px;\">En France, la r\u00e9ussite professionnelle est souvent li\u00e9e \u00e0 la stabilit\u00e9, \u00e0 la <a href=\"https:\/\/fet.tbm.mybluehost.me\/website_a2b62a3e\/comment-la-perception-du-temps-influence-nos-decisions-quotidiennes-2025\/\">reconnaissance<\/a> et \u00e0 la contribution \u00e0 la soci\u00e9t\u00e9 plut\u00f4t qu\u2019\u00e0 une croissance rapide ou \u00e0 la richesse imm\u00e9diate. La perception du temps favorise une approche de long terme, o\u00f9 l\u2019investissement dans la formation, le d\u00e9veloppement personnel et la construction d\u2019un patrimoine durable sont privil\u00e9gi\u00e9s.<\/p>\n<h3 style=\"font-family: Georgia, serif; font-size: 1.8em; color: #34495e; margin-top: 20px;\">b. L\u2019impact de cette perception sur l\u2019\u00e9quilibre vie professionnelle-vie priv\u00e9e<\/h3>\n<p style=\"margin-bottom: 15px;\">Les Fran\u00e7ais attachent une grande importance \u00e0 l\u2019\u00e9quilibre entre vie professionnelle et vie personnelle. La perception du temps qui valorise la qualit\u00e9 des relations, la famille et la sant\u00e9 influence la structuration de leur quotidien, \u00e9vitant la pr\u00e9cipitation et favorisant une gestion \u00e9quilibr\u00e9e du temps consacr\u00e9 \u00e0 chaque sph\u00e8re.<\/p>\n<h2 id=\"section7\" style=\"font-family: Georgia, serif; font-size: 2em; color: #2c3e50; margin-top: 40px;\">La perception du temps comme facteur de transformation des valeurs fran\u00e7aises<\/h2>\n<h3 style=\"font-family: Georgia, serif; font-size: 1.8em; color: #34495e; margin-top: 20px;\">a. L\u2019\u00e9volution des priorit\u00e9s individuelles et collectives face au changement temporel<\/h3>\n<p style=\"margin-bottom: 15px;\">Au fil du temps, la soci\u00e9t\u00e9 fran\u00e7aise a vu ses priorit\u00e9s \u00e9voluer, passant d\u2019une focalisation sur la stabilit\u00e9 \u00e9conomique \u00e0 une attention accrue port\u00e9e \u00e0 l\u2019\u00e9panouissement personnel et \u00e0 la responsabilit\u00e9 sociale. La perception du temps, en constante mutation avec la modernit\u00e9, pousse \u00e0 une adaptation continue des valeurs pour r\u00e9pondre aux d\u00e9fis contemporains.<\/p>\n<h3 style=\"font-family: Georgia, serif; font-size: 1.8em; color: #34495e; margin-top: 20px;\">b. La r\u00e9silience culturelle face \u00e0 la rapidit\u00e9 du monde moderne<\/h3>\n<p style=\"margin-bottom: 15px;\">Malgr\u00e9 l\u2019acc\u00e9l\u00e9ration du rythme de vie, la culture fran\u00e7aise conserve ses racines en valorisant la r\u00e9flexion, le patrimoine et la transmission. Cette r\u00e9silience culturelle permet de maintenir un \u00e9quilibre entre adaptation n\u00e9cessaire et fid\u00e9lit\u00e9 aux valeurs fondamentales, fa\u00e7onnant une soci\u00e9t\u00e9 capable de naviguer dans un monde en perp\u00e9tuelle \u00e9volution.<\/p>\n<h2 id=\"section8\" style=\"font-family: Georgia, serif; font-size: 2em; color: #2c3e50; margin-top: 40px;\">Conclusion : comment la perception du temps fa\u00e7onne nos valeurs et notre rapport \u00e0 l\u2019avenir<\/h2>\n<h3 style=\"font-family: Georgia, serif; font-size: 1.8em; color: #34495e; margin-top: 20px;\">a. Synth\u00e8se des liens entre perception du temps, valeurs et vision du futur<\/h3>\n<p style=\"margin-bottom: 15px;\">La perception du temps en France, profond\u00e9ment ancr\u00e9e dans son histoire et sa culture, influence de mani\u00e8re significative la mani\u00e8re dont ses citoyens construisent leur avenir. Elle oriente leurs choix vers la prudence, la stabilit\u00e9, la transmission et la r\u00e9flexion, tout en restant ouverte \u00e0 l\u2019innovation lorsque celle-ci s\u2019inscrit dans une d\u00e9marche responsable.<\/p>\n<h3 style=\"font-family: Georgia, serif; font-size: 1.8em; color: #34495e; margin-top: 20px;\">b. Perspectives pour une meilleure compr\u00e9hension de l\u2019impact culturel sur nos choix futurs<\/h3>\n<p style=\"margin-bottom: 15px;\">Comprendre comment la perception du temps fa\u00e7onne nos valeurs permet d\u2019adopter une approche plus consciente de nos d\u00e9cisions, qu\u2019elles soient personnelles ou collectives. En int\u00e9grant cette dimension culturelle, il devient possible d\u2019\u00e9laborer des strat\u00e9gies plus adapt\u00e9es aux enjeux du futur, en harmonie avec nos h\u00e9ritages et nos aspirations.<\/p>\n<\/div>\n<p><script>;<\/script><script>;<\/script><\/p>\n","protected":false},"excerpt":{"rendered":"<p>La perception du temps ne se limite pas \u00e0 une simple mesure chronologique. Elle constitue un prisme \u00e0 travers lequel se fa\u00e7onnent nos valeurs, nos comportements et notre vision de&#8230;<\/p>\n","protected":false},"author":2,"featured_media":0,"comment_status":"open","ping_status":"open","sticky":false,"template":"","format":"standard","meta":{"footnotes":""},"categories":[1],"tags":[],"class_list":{"0":"post-570","1":"post","2":"type-post","3":"status-publish","4":"format-standard","6":"category-uncategorized"},"_links":{"self":[{"href":"https:\/\/devu02.testdevlink.net\/Urban_Customs\/wp-json\/wp\/v2\/posts\/570","targetHints":{"allow":["GET"]}}],"collection":[{"href":"https:\/\/devu02.testdevlink.net\/Urban_Customs\/wp-json\/wp\/v2\/posts"}],"about":[{"href":"https:\/\/devu02.testdevlink.net\/Urban_Customs\/wp-json\/wp\/v2\/types\/post"}],"author":[{"embeddable":true,"href":"https:\/\/devu02.testdevlink.net\/Urban_Customs\/wp-json\/wp\/v2\/users\/2"}],"replies":[{"embeddable":true,"href":"https:\/\/devu02.testdevlink.net\/Urban_Customs\/wp-json\/wp\/v2\/comments?post=570"}],"version-history":[{"count":3,"href":"https:\/\/devu02.testdevlink.net\/Urban_Customs\/wp-json\/wp\/v2\/posts\/570\/revisions"}],"predecessor-version":[{"id":995,"href":"https:\/\/devu02.testdevlink.net\/Urban_Customs\/wp-json\/wp\/v2\/posts\/570\/revisions\/995"}],"wp:attachment":[{"href":"https:\/\/devu02.testdevlink.net\/Urban_Customs\/wp-json\/wp\/v2\/media?parent=570"}],"wp:term":[{"taxonomy":"category","embeddable":true,"href":"https:\/\/devu02.testdevlink.net\/Urban_Customs\/wp-json\/wp\/v2\/categories?post=570"},{"taxonomy":"post_tag","embeddable":true,"href":"https:\/\/devu02.testdevlink.net\/Urban_Customs\/wp-json\/wp\/v2\/tags?post=570"}],"curies":[{"name":"wp","href":"https:\/\/api.w.org\/{rel}","templated":true}]}}